{"id":5763,"date":"2020-05-05T22:10:10","date_gmt":"2020-05-05T22:10:10","guid":{"rendered":"https:\/\/tv.utalca.cl\/?p=5763"},"modified":"2025-04-11T13:16:28","modified_gmt":"2025-04-11T17:16:28","slug":"ola-de-calor-en-zona-central-del-chile","status":"publish","type":"post","link":"https:\/\/tv.utalca.cl\/?p=5763","title":{"rendered":"Ola de calor en zona central del Chile"},"content":{"rendered":"<p>En el Maule se esperan entre 26 y 27 grados de m\u00e1xima. &#8220;Esta ola de calor es producto de un anticicl\u00f3n muy c\u00e1lido, que no s\u00f3lo est\u00e1 afectando con altas temperaturas en la zona centro sur sino que tambi\u00e9n est\u00e1 bloqueando las precipitaciones, los sistemas frontales, los cu\u00e1les se est\u00e1n yendo al sur&#8221;, Patricio Gonz\u00e1lez, agroclimat\u00f3logo Citra UTalca.<\/p>\n","protected":false},"excerpt":{"rendered":"<p>En el Maule se esperan entre 26 y 27 grados de m\u00e1xima. &#8220;Esta ola de calor es producto de un anticicl\u00f3n muy c\u00e1lido, que no s\u00f3lo est\u00e1 afectando con altas temperaturas en la zona centro sur sino que tambi\u00e9n est\u00e1 bloqueando las precipitaciones, los sistemas frontales, los cu\u00e1les se est\u00e1n yendo al sur&#8221;, Patricio Gonz\u00e1lez, [&hellip;]<\/p>\n","protected":false},"author":1,"featured_media":5764,"comment_status":"closed","ping_status":"open","sticky":false,"template":"","format":"video","meta":{"om_disable_all_campaigns":false,"_monsterinsights_skip_tracking":false,"_monsterinsights_sitenote_active":false,"_monsterinsights_sitenote_note":"","_monsterinsights_sitenote_category":0,"footnotes":""},"categories":[1099,1326,1154,1334],"tags":[268,207,211,81,70,1580],"class_list":["post-5763","post","type-post","status-publish","format-video","has-post-thumbnail","hentry","category-comprometidos-con-la-comunidad","category-coronavirus","category-expertos-utalca","category-quedate-en-casa","tag-agroclimatologia","tag-citra","tag-ola-de-calor","tag-region-del-maule","tag-utalca","tag-zona-centro","post_format-post-format-video","slider-tags-capsulas","slider-tags-slider"],"aioseo_notices":[],"_links":{"self":[{"href":"https:\/\/tv.utalca.cl\/index.php?rest_route=\/wp\/v2\/posts\/5763","targetHints":{"allow":["GET"]}}],"collection":[{"href":"https:\/\/tv.utalca.cl\/index.php?rest_route=\/wp\/v2\/posts"}],"about":[{"href":"https:\/\/tv.utalca.cl\/index.php?rest_route=\/wp\/v2\/types\/post"}],"author":[{"embeddable":true,"href":"https:\/\/tv.utalca.cl\/index.php?rest_route=\/wp\/v2\/users\/1"}],"replies":[{"embeddable":true,"href":"https:\/\/tv.utalca.cl\/index.php?rest_route=%2Fwp%2Fv2%2Fcomments&post=5763"}],"version-history":[{"count":1,"href":"https:\/\/tv.utalca.cl\/index.php?rest_route=\/wp\/v2\/posts\/5763\/revisions"}],"predecessor-version":[{"id":5765,"href":"https:\/\/tv.utalca.cl\/index.php?rest_route=\/wp\/v2\/posts\/5763\/revisions\/5765"}],"wp:featuredmedia":[{"embeddable":true,"href":"https:\/\/tv.utalca.cl\/index.php?rest_route=\/wp\/v2\/media\/5764"}],"wp:attachment":[{"href":"https:\/\/tv.utalca.cl\/index.php?rest_route=%2Fwp%2Fv2%2Fmedia&parent=5763"}],"wp:term":[{"taxonomy":"category","embeddable":true,"href":"https:\/\/tv.utalca.cl\/index.php?rest_route=%2Fwp%2Fv2%2Fcategories&post=5763"},{"taxonomy":"post_tag","embeddable":true,"href":"https:\/\/tv.utalca.cl\/index.php?rest_route=%2Fwp%2Fv2%2Ftags&post=5763"}],"curies":[{"name":"wp","href":"https:\/\/api.w.org\/{rel}","templated":true}]}}