{"id":5801,"date":"2020-05-07T20:50:35","date_gmt":"2020-05-07T20:50:35","guid":{"rendered":"https:\/\/tv.utalca.cl\/?p=5801"},"modified":"2025-04-11T13:15:32","modified_gmt":"2025-04-11T17:15:32","slug":"estres-en-ninos-y-adolescentes-durante-cuarentena","status":"publish","type":"post","link":"https:\/\/tv.utalca.cl\/?p=5801","title":{"rendered":"Estr\u00e9s en ni\u00f1os y adolescentes durante cuarentena"},"content":{"rendered":"<p>Pon atenci\u00f3n a su comunicaci\u00f3n verbal y tambi\u00e9n a la no verbal. Nos aconseja la psic\u00f3loga infantil Susana Campos, del Centro de Psicolog\u00eda Aplicada Universidad de Talca.<\/p>\n","protected":false},"excerpt":{"rendered":"<p>Pon atenci\u00f3n a su comunicaci\u00f3n verbal y tambi\u00e9n a la no verbal. Nos aconseja la psic\u00f3loga infantil Susana Campos, del Centro de Psicolog\u00eda Aplicada Universidad de Talca.<\/p>\n","protected":false},"author":1,"featured_media":5802,"comment_status":"closed","ping_status":"open","sticky":false,"template":"","format":"video","meta":{"om_disable_all_campaigns":false,"_monsterinsights_skip_tracking":false,"_monsterinsights_sitenote_active":false,"_monsterinsights_sitenote_note":"","_monsterinsights_sitenote_category":0,"footnotes":""},"categories":[1099,1326,1154,1334],"tags":[1113,1106,1267,1305,1324,186,303,1573,1336,70],"class_list":["post-5801","post","type-post","status-publish","format-video","has-post-thumbnail","hentry","category-comprometidos-con-la-comunidad","category-coronavirus","category-expertos-utalca","category-quedate-en-casa","tag-adolescentes","tag-cepa-utalca","tag-coronavirus","tag-covid19","tag-cuarentena","tag-ninas","tag-ninos","tag-psicologia-aplicada","tag-quedate-en-casa","tag-utalca","post_format-post-format-video","slider-tags-capsulas"],"aioseo_notices":[],"_links":{"self":[{"href":"https:\/\/tv.utalca.cl\/index.php?rest_route=\/wp\/v2\/posts\/5801","targetHints":{"allow":["GET"]}}],"collection":[{"href":"https:\/\/tv.utalca.cl\/index.php?rest_route=\/wp\/v2\/posts"}],"about":[{"href":"https:\/\/tv.utalca.cl\/index.php?rest_route=\/wp\/v2\/types\/post"}],"author":[{"embeddable":true,"href":"https:\/\/tv.utalca.cl\/index.php?rest_route=\/wp\/v2\/users\/1"}],"replies":[{"embeddable":true,"href":"https:\/\/tv.utalca.cl\/index.php?rest_route=%2Fwp%2Fv2%2Fcomments&post=5801"}],"version-history":[{"count":1,"href":"https:\/\/tv.utalca.cl\/index.php?rest_route=\/wp\/v2\/posts\/5801\/revisions"}],"predecessor-version":[{"id":5803,"href":"https:\/\/tv.utalca.cl\/index.php?rest_route=\/wp\/v2\/posts\/5801\/revisions\/5803"}],"wp:featuredmedia":[{"embeddable":true,"href":"https:\/\/tv.utalca.cl\/index.php?rest_route=\/wp\/v2\/media\/5802"}],"wp:attachment":[{"href":"https:\/\/tv.utalca.cl\/index.php?rest_route=%2Fwp%2Fv2%2Fmedia&parent=5801"}],"wp:term":[{"taxonomy":"category","embeddable":true,"href":"https:\/\/tv.utalca.cl\/index.php?rest_route=%2Fwp%2Fv2%2Fcategories&post=5801"},{"taxonomy":"post_tag","embeddable":true,"href":"https:\/\/tv.utalca.cl\/index.php?rest_route=%2Fwp%2Fv2%2Ftags&post=5801"}],"curies":[{"name":"wp","href":"https:\/\/api.w.org\/{rel}","templated":true}]}}