{"id":5819,"date":"2020-05-11T13:23:01","date_gmt":"2020-05-11T13:23:01","guid":{"rendered":"https:\/\/tv.utalca.cl\/?p=5819"},"modified":"2025-04-11T13:15:32","modified_gmt":"2025-04-11T17:15:32","slug":"sintomas-de-covid-19-en-lactantes","status":"publish","type":"post","link":"https:\/\/tv.utalca.cl\/?p=5819","title":{"rendered":"S\u00edntomas de Covid-19 en lactantes"},"content":{"rendered":"<p>Rechazo a alimentaci\u00f3n, dificultad respiratoria, aleteo nasal, quejido al respirar y retracci\u00f3n costal, nos explica B\u00e1rbara Fern\u00e1ndez, acad\u00e9mica Escuela de Enfermer\u00eda UTalca.<\/p>\n","protected":false},"excerpt":{"rendered":"<p>Rechazo a alimentaci\u00f3n, dificultad respiratoria, aleteo nasal, quejido al respirar y retracci\u00f3n costal, nos explica B\u00e1rbara Fern\u00e1ndez, acad\u00e9mica Escuela de Enfermer\u00eda UTalca.<\/p>\n","protected":false},"author":1,"featured_media":5820,"comment_status":"closed","ping_status":"open","sticky":false,"template":"","format":"video","meta":{"om_disable_all_campaigns":false,"_monsterinsights_skip_tracking":false,"_monsterinsights_sitenote_active":false,"_monsterinsights_sitenote_note":"","_monsterinsights_sitenote_category":0,"footnotes":""},"categories":[1099,1326,1154,1334],"tags":[1606,1267,1305,1497,1604,1336,1605,70],"class_list":["post-5819","post","type-post","status-publish","format-video","has-post-thumbnail","hentry","category-comprometidos-con-la-comunidad","category-coronavirus","category-expertos-utalca","category-quedate-en-casa","tag-bebes","tag-coronavirus","tag-covid19","tag-enfermeria","tag-lactantes","tag-quedate-en-casa","tag-recien-nacido","tag-utalca","post_format-post-format-video","slider-tags-capsulas"],"aioseo_notices":[],"_links":{"self":[{"href":"https:\/\/tv.utalca.cl\/index.php?rest_route=\/wp\/v2\/posts\/5819","targetHints":{"allow":["GET"]}}],"collection":[{"href":"https:\/\/tv.utalca.cl\/index.php?rest_route=\/wp\/v2\/posts"}],"about":[{"href":"https:\/\/tv.utalca.cl\/index.php?rest_route=\/wp\/v2\/types\/post"}],"author":[{"embeddable":true,"href":"https:\/\/tv.utalca.cl\/index.php?rest_route=\/wp\/v2\/users\/1"}],"replies":[{"embeddable":true,"href":"https:\/\/tv.utalca.cl\/index.php?rest_route=%2Fwp%2Fv2%2Fcomments&post=5819"}],"version-history":[{"count":1,"href":"https:\/\/tv.utalca.cl\/index.php?rest_route=\/wp\/v2\/posts\/5819\/revisions"}],"predecessor-version":[{"id":5821,"href":"https:\/\/tv.utalca.cl\/index.php?rest_route=\/wp\/v2\/posts\/5819\/revisions\/5821"}],"wp:featuredmedia":[{"embeddable":true,"href":"https:\/\/tv.utalca.cl\/index.php?rest_route=\/wp\/v2\/media\/5820"}],"wp:attachment":[{"href":"https:\/\/tv.utalca.cl\/index.php?rest_route=%2Fwp%2Fv2%2Fmedia&parent=5819"}],"wp:term":[{"taxonomy":"category","embeddable":true,"href":"https:\/\/tv.utalca.cl\/index.php?rest_route=%2Fwp%2Fv2%2Fcategories&post=5819"},{"taxonomy":"post_tag","embeddable":true,"href":"https:\/\/tv.utalca.cl\/index.php?rest_route=%2Fwp%2Fv2%2Ftags&post=5819"}],"curies":[{"name":"wp","href":"https:\/\/api.w.org\/{rel}","templated":true}]}}