{"id":5832,"date":"2020-05-11T13:57:36","date_gmt":"2020-05-11T13:57:36","guid":{"rendered":"https:\/\/tv.utalca.cl\/?p=5832"},"modified":"2025-04-11T13:15:32","modified_gmt":"2025-04-11T17:15:32","slug":"efetos-en-la-economia-por-covid19","status":"publish","type":"post","link":"https:\/\/tv.utalca.cl\/?p=5832","title":{"rendered":"Efectos en la econom\u00eda por Covid19"},"content":{"rendered":"<p>&#8220;Con la llegada del Covid19 la situaci\u00f3n en t\u00e9rminos de actividad econ\u00f3mica y empleo se agrav\u00f3, marzo acus\u00f3 una ca\u00edda en la actividad econ\u00f3mica en un 3,5%&#8221;. Rodrigo Saens, acad\u00e9mico Facultad de Econom\u00eda y Negocios UTalca.<\/p>\n","protected":false},"excerpt":{"rendered":"<p>&#8220;Con la llegada del Covid19 la situaci\u00f3n en t\u00e9rminos de actividad econ\u00f3mica y empleo se agrav\u00f3, marzo acus\u00f3 una ca\u00edda en la actividad econ\u00f3mica en un 3,5%&#8221;. Rodrigo Saens, acad\u00e9mico Facultad de Econom\u00eda y Negocios UTalca.<\/p>\n","protected":false},"author":1,"featured_media":5833,"comment_status":"closed","ping_status":"open","sticky":false,"template":"","format":"video","meta":{"om_disable_all_campaigns":false,"_monsterinsights_skip_tracking":false,"_monsterinsights_sitenote_active":false,"_monsterinsights_sitenote_note":"","_monsterinsights_sitenote_category":0,"footnotes":""},"categories":[1099,1326,1154,1334],"tags":[1267,1305,1324,695,1610,531,1336,70],"class_list":["post-5832","post","type-post","status-publish","format-video","has-post-thumbnail","hentry","category-comprometidos-con-la-comunidad","category-coronavirus","category-expertos-utalca","category-quedate-en-casa","tag-coronavirus","tag-covid19","tag-cuarentena","tag-economia","tag-efectos","tag-fen-utalca","tag-quedate-en-casa","tag-utalca","post_format-post-format-video","slider-tags-capsulas"],"aioseo_notices":[],"_links":{"self":[{"href":"https:\/\/tv.utalca.cl\/index.php?rest_route=\/wp\/v2\/posts\/5832","targetHints":{"allow":["GET"]}}],"collection":[{"href":"https:\/\/tv.utalca.cl\/index.php?rest_route=\/wp\/v2\/posts"}],"about":[{"href":"https:\/\/tv.utalca.cl\/index.php?rest_route=\/wp\/v2\/types\/post"}],"author":[{"embeddable":true,"href":"https:\/\/tv.utalca.cl\/index.php?rest_route=\/wp\/v2\/users\/1"}],"replies":[{"embeddable":true,"href":"https:\/\/tv.utalca.cl\/index.php?rest_route=%2Fwp%2Fv2%2Fcomments&post=5832"}],"version-history":[{"count":2,"href":"https:\/\/tv.utalca.cl\/index.php?rest_route=\/wp\/v2\/posts\/5832\/revisions"}],"predecessor-version":[{"id":5850,"href":"https:\/\/tv.utalca.cl\/index.php?rest_route=\/wp\/v2\/posts\/5832\/revisions\/5850"}],"wp:featuredmedia":[{"embeddable":true,"href":"https:\/\/tv.utalca.cl\/index.php?rest_route=\/wp\/v2\/media\/5833"}],"wp:attachment":[{"href":"https:\/\/tv.utalca.cl\/index.php?rest_route=%2Fwp%2Fv2%2Fmedia&parent=5832"}],"wp:term":[{"taxonomy":"category","embeddable":true,"href":"https:\/\/tv.utalca.cl\/index.php?rest_route=%2Fwp%2Fv2%2Fcategories&post=5832"},{"taxonomy":"post_tag","embeddable":true,"href":"https:\/\/tv.utalca.cl\/index.php?rest_route=%2Fwp%2Fv2%2Ftags&post=5832"}],"curies":[{"name":"wp","href":"https:\/\/api.w.org\/{rel}","templated":true}]}}