{"id":5843,"date":"2020-05-11T15:38:00","date_gmt":"2020-05-11T15:38:00","guid":{"rendered":"https:\/\/tv.utalca.cl\/?p=5843"},"modified":"2025-04-11T13:15:33","modified_gmt":"2025-04-11T17:15:33","slug":"utalca-sustentable-pandemia-y-efectos-en-medio-ambiente","status":"publish","type":"post","link":"https:\/\/tv.utalca.cl\/?p=5843","title":{"rendered":"UTalca Sustentable: Pandemia y efectos en medio ambiente"},"content":{"rendered":"<p>Pablo Y\u00e1\u00f1ez, coodinador de UTalca Sustentable conversa con Blas Lavandero, doctor en ecolog\u00eda y docente del Instituto de Ciencias biol\u00f3gicas UTalca se refiere a los cambios a los ecosistemas naturales.<\/p>\n","protected":false},"excerpt":{"rendered":"<p>Pablo Y\u00e1\u00f1ez, coodinador de UTalca Sustentable conversa con Blas Lavandero, doctor en ecolog\u00eda y docente del Instituto de Ciencias biol\u00f3gicas UTalca se refiere a los cambios a los ecosistemas naturales.<\/p>\n","protected":false},"author":1,"featured_media":5844,"comment_status":"closed","ping_status":"open","sticky":false,"template":"","format":"video","meta":{"om_disable_all_campaigns":false,"_monsterinsights_skip_tracking":false,"_monsterinsights_sitenote_active":false,"_monsterinsights_sitenote_note":"","_monsterinsights_sitenote_category":0,"footnotes":""},"categories":[112,1612],"tags":[1324,1613,83,1614,1336,70,285],"class_list":["post-5843","post","type-post","status-publish","format-video","has-post-thumbnail","hentry","category-programa","category-utalca-sustentable","tag-cuarentena","tag-ecologia","tag-medio-ambiente","tag-medioambiental","tag-quedate-en-casa","tag-utalca","tag-utalca-sustentable","post_format-post-format-video","slider-tags-utalca-sustentable"],"aioseo_notices":[],"_links":{"self":[{"href":"https:\/\/tv.utalca.cl\/index.php?rest_route=\/wp\/v2\/posts\/5843","targetHints":{"allow":["GET"]}}],"collection":[{"href":"https:\/\/tv.utalca.cl\/index.php?rest_route=\/wp\/v2\/posts"}],"about":[{"href":"https:\/\/tv.utalca.cl\/index.php?rest_route=\/wp\/v2\/types\/post"}],"author":[{"embeddable":true,"href":"https:\/\/tv.utalca.cl\/index.php?rest_route=\/wp\/v2\/users\/1"}],"replies":[{"embeddable":true,"href":"https:\/\/tv.utalca.cl\/index.php?rest_route=%2Fwp%2Fv2%2Fcomments&post=5843"}],"version-history":[{"count":1,"href":"https:\/\/tv.utalca.cl\/index.php?rest_route=\/wp\/v2\/posts\/5843\/revisions"}],"predecessor-version":[{"id":5845,"href":"https:\/\/tv.utalca.cl\/index.php?rest_route=\/wp\/v2\/posts\/5843\/revisions\/5845"}],"wp:featuredmedia":[{"embeddable":true,"href":"https:\/\/tv.utalca.cl\/index.php?rest_route=\/wp\/v2\/media\/5844"}],"wp:attachment":[{"href":"https:\/\/tv.utalca.cl\/index.php?rest_route=%2Fwp%2Fv2%2Fmedia&parent=5843"}],"wp:term":[{"taxonomy":"category","embeddable":true,"href":"https:\/\/tv.utalca.cl\/index.php?rest_route=%2Fwp%2Fv2%2Fcategories&post=5843"},{"taxonomy":"post_tag","embeddable":true,"href":"https:\/\/tv.utalca.cl\/index.php?rest_route=%2Fwp%2Fv2%2Ftags&post=5843"}],"curies":[{"name":"wp","href":"https:\/\/api.w.org\/{rel}","templated":true}]}}