{"id":5859,"date":"2020-05-12T13:24:21","date_gmt":"2020-05-12T13:24:21","guid":{"rendered":"https:\/\/tv.utalca.cl\/?p=5859"},"modified":"2025-04-11T13:15:33","modified_gmt":"2025-04-11T17:15:33","slug":"proyeccion-de-sequia-en-la-region-del-maule","status":"publish","type":"post","link":"https:\/\/tv.utalca.cl\/?p=5859","title":{"rendered":"Proyecci\u00f3n de sequ\u00eda en la Regi\u00f3n del Maule"},"content":{"rendered":"<p>\u00bfSab\u00edas que la megasequ\u00eda ha durado 12 a\u00f1os en el Maule? Esta va a continuar durante el 2020 debido al cambio clim\u00e1tico y el Fen\u00f3meno de la Ni\u00f1a. Nos explica Patricio Gonz\u00e1lez, agroclimat\u00f3logo Citra UTalca.<\/p>\n","protected":false},"excerpt":{"rendered":"<p>\u00bfSab\u00edas que la megasequ\u00eda ha durado 12 a\u00f1os en el Maule? Esta va a continuar durante el 2020 debido al cambio clim\u00e1tico y el Fen\u00f3meno de la Ni\u00f1a. Nos explica Patricio Gonz\u00e1lez, agroclimat\u00f3logo Citra UTalca.<\/p>\n","protected":false},"author":1,"featured_media":5860,"comment_status":"closed","ping_status":"open","sticky":false,"template":"","format":"video","meta":{"om_disable_all_campaigns":false,"_monsterinsights_skip_tracking":false,"_monsterinsights_sitenote_active":false,"_monsterinsights_sitenote_note":"","_monsterinsights_sitenote_category":0,"footnotes":""},"categories":[1099,1326,1154,1334],"tags":[268,207,241,208,81,70],"class_list":["post-5859","post","type-post","status-publish","format-video","has-post-thumbnail","hentry","category-comprometidos-con-la-comunidad","category-coronavirus","category-expertos-utalca","category-quedate-en-casa","tag-agroclimatologia","tag-citra","tag-maule","tag-patricio-gonzalez","tag-region-del-maule","tag-utalca","post_format-post-format-video","slider-tags-capsulas","slider-tags-slider"],"aioseo_notices":[],"_links":{"self":[{"href":"https:\/\/tv.utalca.cl\/index.php?rest_route=\/wp\/v2\/posts\/5859","targetHints":{"allow":["GET"]}}],"collection":[{"href":"https:\/\/tv.utalca.cl\/index.php?rest_route=\/wp\/v2\/posts"}],"about":[{"href":"https:\/\/tv.utalca.cl\/index.php?rest_route=\/wp\/v2\/types\/post"}],"author":[{"embeddable":true,"href":"https:\/\/tv.utalca.cl\/index.php?rest_route=\/wp\/v2\/users\/1"}],"replies":[{"embeddable":true,"href":"https:\/\/tv.utalca.cl\/index.php?rest_route=%2Fwp%2Fv2%2Fcomments&post=5859"}],"version-history":[{"count":1,"href":"https:\/\/tv.utalca.cl\/index.php?rest_route=\/wp\/v2\/posts\/5859\/revisions"}],"predecessor-version":[{"id":5861,"href":"https:\/\/tv.utalca.cl\/index.php?rest_route=\/wp\/v2\/posts\/5859\/revisions\/5861"}],"wp:featuredmedia":[{"embeddable":true,"href":"https:\/\/tv.utalca.cl\/index.php?rest_route=\/wp\/v2\/media\/5860"}],"wp:attachment":[{"href":"https:\/\/tv.utalca.cl\/index.php?rest_route=%2Fwp%2Fv2%2Fmedia&parent=5859"}],"wp:term":[{"taxonomy":"category","embeddable":true,"href":"https:\/\/tv.utalca.cl\/index.php?rest_route=%2Fwp%2Fv2%2Fcategories&post=5859"},{"taxonomy":"post_tag","embeddable":true,"href":"https:\/\/tv.utalca.cl\/index.php?rest_route=%2Fwp%2Fv2%2Ftags&post=5859"}],"curies":[{"name":"wp","href":"https:\/\/api.w.org\/{rel}","templated":true}]}}