{"id":5867,"date":"2020-05-13T14:57:12","date_gmt":"2020-05-13T14:57:12","guid":{"rendered":"https:\/\/tv.utalca.cl\/?p=5867"},"modified":"2025-04-11T13:15:33","modified_gmt":"2025-04-11T17:15:33","slug":"estres-en-el-sistema-inmune-y-covid19","status":"publish","type":"post","link":"https:\/\/tv.utalca.cl\/?p=5867","title":{"rendered":"Estr\u00e9s en el sistema inmune y Covid19"},"content":{"rendered":"<p>\u00bfSab\u00edas que el estr\u00e9s influye en el sistema inmune? &#8220;Por lo que sabemos de nuestro sistema inmune y el estr\u00e9s, es presumible pensar que efectivamente las personas con estr\u00e9s cr\u00f3nico est\u00e1n m\u00e1s propensas a infecciones virales como el Coronavirus&#8221;. Nos explica Sergio Wehinger, director del Programa de Mag\u00edster en Ciencias Biom\u00e9dicas UTalca.<\/p>\n","protected":false},"excerpt":{"rendered":"<p>\u00bfSab\u00edas que el estr\u00e9s influye en el sistema inmune? &#8220;Por lo que sabemos de nuestro sistema inmune y el estr\u00e9s, es presumible pensar que efectivamente las personas con estr\u00e9s cr\u00f3nico est\u00e1n m\u00e1s propensas a infecciones virales como el Coronavirus&#8221;. Nos explica Sergio Wehinger, director del Programa de Mag\u00edster en Ciencias Biom\u00e9dicas UTalca.<\/p>\n","protected":false},"author":1,"featured_media":5868,"comment_status":"closed","ping_status":"open","sticky":false,"template":"","format":"video","meta":{"om_disable_all_campaigns":false,"_monsterinsights_skip_tracking":false,"_monsterinsights_sitenote_active":false,"_monsterinsights_sitenote_note":"","_monsterinsights_sitenote_category":0,"footnotes":""},"categories":[1099,1326,1154,1334],"tags":[1267,1305,737,136,1336,1357,70,177],"class_list":["post-5867","post","type-post","status-publish","format-video","has-post-thumbnail","hentry","category-comprometidos-con-la-comunidad","category-coronavirus","category-expertos-utalca","category-quedate-en-casa","tag-coronavirus","tag-covid19","tag-estres","tag-facultad-de-ciencias-de-la-salud","tag-quedate-en-casa","tag-sistema-inmune","tag-utalca","tag-virus","post_format-post-format-video","slider-tags-capsulas","slider-tags-slider"],"aioseo_notices":[],"_links":{"self":[{"href":"https:\/\/tv.utalca.cl\/index.php?rest_route=\/wp\/v2\/posts\/5867","targetHints":{"allow":["GET"]}}],"collection":[{"href":"https:\/\/tv.utalca.cl\/index.php?rest_route=\/wp\/v2\/posts"}],"about":[{"href":"https:\/\/tv.utalca.cl\/index.php?rest_route=\/wp\/v2\/types\/post"}],"author":[{"embeddable":true,"href":"https:\/\/tv.utalca.cl\/index.php?rest_route=\/wp\/v2\/users\/1"}],"replies":[{"embeddable":true,"href":"https:\/\/tv.utalca.cl\/index.php?rest_route=%2Fwp%2Fv2%2Fcomments&post=5867"}],"version-history":[{"count":1,"href":"https:\/\/tv.utalca.cl\/index.php?rest_route=\/wp\/v2\/posts\/5867\/revisions"}],"predecessor-version":[{"id":5869,"href":"https:\/\/tv.utalca.cl\/index.php?rest_route=\/wp\/v2\/posts\/5867\/revisions\/5869"}],"wp:featuredmedia":[{"embeddable":true,"href":"https:\/\/tv.utalca.cl\/index.php?rest_route=\/wp\/v2\/media\/5868"}],"wp:attachment":[{"href":"https:\/\/tv.utalca.cl\/index.php?rest_route=%2Fwp%2Fv2%2Fmedia&parent=5867"}],"wp:term":[{"taxonomy":"category","embeddable":true,"href":"https:\/\/tv.utalca.cl\/index.php?rest_route=%2Fwp%2Fv2%2Fcategories&post=5867"},{"taxonomy":"post_tag","embeddable":true,"href":"https:\/\/tv.utalca.cl\/index.php?rest_route=%2Fwp%2Fv2%2Ftags&post=5867"}],"curies":[{"name":"wp","href":"https:\/\/api.w.org\/{rel}","templated":true}]}}