{"id":5876,"date":"2020-05-13T21:54:28","date_gmt":"2020-05-13T21:54:28","guid":{"rendered":"https:\/\/tv.utalca.cl\/?p=5876"},"modified":"2025-04-11T13:15:33","modified_gmt":"2025-04-11T17:15:33","slug":"la-importancia-de-la-industria-de-alimentos","status":"publish","type":"post","link":"https:\/\/tv.utalca.cl\/?p=5876","title":{"rendered":"La importancia de la industria de alimentos"},"content":{"rendered":"<p>&#8220;La industria de alimentos tiene un gran desaf\u00edo: el poder no s\u00f3lo abastecer desde el punto de vista de cantidad de alimentos a la poblaci\u00f3n, sino tambi\u00e9n desde el punto de vista nutricional&#8221;.\u00a0Nos explica An\u00edbal Concha, acad\u00e9mico Facultad de Ciencias Agracias UTalca.<\/p>\n","protected":false},"excerpt":{"rendered":"<p>&#8220;La industria de alimentos tiene un gran desaf\u00edo: el poder no s\u00f3lo abastecer desde el punto de vista de cantidad de alimentos a la poblaci\u00f3n, sino tambi\u00e9n desde el punto de vista nutricional&#8221;.\u00a0Nos explica An\u00edbal Concha, acad\u00e9mico Facultad de Ciencias Agracias UTalca.<\/p>\n","protected":false},"author":1,"featured_media":5877,"comment_status":"closed","ping_status":"open","sticky":false,"template":"","format":"video","meta":{"om_disable_all_campaigns":false,"_monsterinsights_skip_tracking":false,"_monsterinsights_sitenote_active":false,"_monsterinsights_sitenote_note":"","_monsterinsights_sitenote_category":0,"footnotes":""},"categories":[1099,1326,1154,1334],"tags":[1382,1267,1305,1622,1324,1584,1336,70],"class_list":["post-5876","post","type-post","status-publish","format-video","has-post-thumbnail","hentry","category-comprometidos-con-la-comunidad","category-coronavirus","category-expertos-utalca","category-quedate-en-casa","tag-agrarias","tag-coronavirus","tag-covid19","tag-crisis-sanitaria","tag-cuarentena","tag-industria-alimentaria","tag-quedate-en-casa","tag-utalca","post_format-post-format-video","slider-tags-capsulas"],"aioseo_notices":[],"_links":{"self":[{"href":"https:\/\/tv.utalca.cl\/index.php?rest_route=\/wp\/v2\/posts\/5876","targetHints":{"allow":["GET"]}}],"collection":[{"href":"https:\/\/tv.utalca.cl\/index.php?rest_route=\/wp\/v2\/posts"}],"about":[{"href":"https:\/\/tv.utalca.cl\/index.php?rest_route=\/wp\/v2\/types\/post"}],"author":[{"embeddable":true,"href":"https:\/\/tv.utalca.cl\/index.php?rest_route=\/wp\/v2\/users\/1"}],"replies":[{"embeddable":true,"href":"https:\/\/tv.utalca.cl\/index.php?rest_route=%2Fwp%2Fv2%2Fcomments&post=5876"}],"version-history":[{"count":1,"href":"https:\/\/tv.utalca.cl\/index.php?rest_route=\/wp\/v2\/posts\/5876\/revisions"}],"predecessor-version":[{"id":5878,"href":"https:\/\/tv.utalca.cl\/index.php?rest_route=\/wp\/v2\/posts\/5876\/revisions\/5878"}],"wp:featuredmedia":[{"embeddable":true,"href":"https:\/\/tv.utalca.cl\/index.php?rest_route=\/wp\/v2\/media\/5877"}],"wp:attachment":[{"href":"https:\/\/tv.utalca.cl\/index.php?rest_route=%2Fwp%2Fv2%2Fmedia&parent=5876"}],"wp:term":[{"taxonomy":"category","embeddable":true,"href":"https:\/\/tv.utalca.cl\/index.php?rest_route=%2Fwp%2Fv2%2Fcategories&post=5876"},{"taxonomy":"post_tag","embeddable":true,"href":"https:\/\/tv.utalca.cl\/index.php?rest_route=%2Fwp%2Fv2%2Ftags&post=5876"}],"curies":[{"name":"wp","href":"https:\/\/api.w.org\/{rel}","templated":true}]}}