{"id":5879,"date":"2020-05-14T13:16:11","date_gmt":"2020-05-14T13:16:11","guid":{"rendered":"https:\/\/tv.utalca.cl\/?p=5879"},"modified":"2025-04-11T13:15:33","modified_gmt":"2025-04-11T17:15:33","slug":"riesgo-de-enfermedades-por-contaminacion-ambiental","status":"publish","type":"post","link":"https:\/\/tv.utalca.cl\/?p=5879","title":{"rendered":"Riesgo de enfermedades por contaminaci\u00f3n ambiental"},"content":{"rendered":"<p>\u00bfSab\u00edas que 9 de cada 10 personas en el mundo respiran aire contaminado? En Chile, &#8220;un estudio reciente del Ministerio de Medio Ambiente revel\u00f3 que m\u00e1s de 9 millones de personas est\u00e1n expuestas a niveles de contaminaci\u00f3n por sobre las normas internacionales en el pa\u00eds&#8221;. Nos explica Gonzalo Ormaz\u00e1bal, m\u00e9dico Programa de Especializaci\u00f3n en Medicina Familiar UTalca.<\/p>\n","protected":false},"excerpt":{"rendered":"<p>\u00bfSab\u00edas que 9 de cada 10 personas en el mundo respiran aire contaminado? En Chile, &#8220;un estudio reciente del Ministerio de Medio Ambiente revel\u00f3 que m\u00e1s de 9 millones de personas est\u00e1n expuestas a niveles de contaminaci\u00f3n por sobre las normas internacionales en el pa\u00eds&#8221;. Nos explica Gonzalo Ormaz\u00e1bal, m\u00e9dico Programa de Especializaci\u00f3n en Medicina [&hellip;]<\/p>\n","protected":false},"author":1,"featured_media":5880,"comment_status":"closed","ping_status":"open","sticky":false,"template":"","format":"video","meta":{"om_disable_all_campaigns":false,"_monsterinsights_skip_tracking":false,"_monsterinsights_sitenote_active":false,"_monsterinsights_sitenote_note":"","_monsterinsights_sitenote_category":0,"footnotes":""},"categories":[1099,1326,1154,1334],"tags":[1623,595,1267,1305,1324,1380,1607,1336,70],"class_list":["post-5879","post","type-post","status-publish","format-video","has-post-thumbnail","hentry","category-comprometidos-con-la-comunidad","category-coronavirus","category-expertos-utalca","category-quedate-en-casa","tag-aire-contaminado","tag-contaminacion","tag-coronavirus","tag-covid19","tag-cuarentena","tag-enfermedades-respiratorias","tag-medicina","tag-quedate-en-casa","tag-utalca","post_format-post-format-video","slider-tags-capsulas"],"aioseo_notices":[],"_links":{"self":[{"href":"https:\/\/tv.utalca.cl\/index.php?rest_route=\/wp\/v2\/posts\/5879","targetHints":{"allow":["GET"]}}],"collection":[{"href":"https:\/\/tv.utalca.cl\/index.php?rest_route=\/wp\/v2\/posts"}],"about":[{"href":"https:\/\/tv.utalca.cl\/index.php?rest_route=\/wp\/v2\/types\/post"}],"author":[{"embeddable":true,"href":"https:\/\/tv.utalca.cl\/index.php?rest_route=\/wp\/v2\/users\/1"}],"replies":[{"embeddable":true,"href":"https:\/\/tv.utalca.cl\/index.php?rest_route=%2Fwp%2Fv2%2Fcomments&post=5879"}],"version-history":[{"count":1,"href":"https:\/\/tv.utalca.cl\/index.php?rest_route=\/wp\/v2\/posts\/5879\/revisions"}],"predecessor-version":[{"id":5881,"href":"https:\/\/tv.utalca.cl\/index.php?rest_route=\/wp\/v2\/posts\/5879\/revisions\/5881"}],"wp:featuredmedia":[{"embeddable":true,"href":"https:\/\/tv.utalca.cl\/index.php?rest_route=\/wp\/v2\/media\/5880"}],"wp:attachment":[{"href":"https:\/\/tv.utalca.cl\/index.php?rest_route=%2Fwp%2Fv2%2Fmedia&parent=5879"}],"wp:term":[{"taxonomy":"category","embeddable":true,"href":"https:\/\/tv.utalca.cl\/index.php?rest_route=%2Fwp%2Fv2%2Fcategories&post=5879"},{"taxonomy":"post_tag","embeddable":true,"href":"https:\/\/tv.utalca.cl\/index.php?rest_route=%2Fwp%2Fv2%2Ftags&post=5879"}],"curies":[{"name":"wp","href":"https:\/\/api.w.org\/{rel}","templated":true}]}}