{"id":5885,"date":"2020-05-14T13:24:20","date_gmt":"2020-05-14T13:24:20","guid":{"rendered":"https:\/\/tv.utalca.cl\/?p=5885"},"modified":"2025-04-11T13:15:33","modified_gmt":"2025-04-11T17:15:33","slug":"sede-laboral-impacto-del-covid-19-en-el-trabajo-de-las-mujeres","status":"publish","type":"post","link":"https:\/\/tv.utalca.cl\/?p=5885","title":{"rendered":"Sede Laboral: Impacto del Covid-19 en el trabajo de las mujeres"},"content":{"rendered":"<p>Ver\u00f3nica Munilla, abogada, doctora en Derecho y docente de Derecho del Trabajo en la Pontificia Universidad Cat\u00f3lica de Valpara\u00edso, es la invitada a este cap\u00edtulo de Sede Laboral\u200b.<\/p>\n","protected":false},"excerpt":{"rendered":"<p>Ver\u00f3nica Munilla, abogada, doctora en Derecho y docente de Derecho del Trabajo en la Pontificia Universidad Cat\u00f3lica de Valpara\u00edso, es la invitada a este cap\u00edtulo de Sede Laboral\u200b.<\/p>\n","protected":false},"author":1,"featured_media":5886,"comment_status":"closed","ping_status":"open","sticky":false,"template":"","format":"video","meta":{"om_disable_all_campaigns":false,"_monsterinsights_skip_tracking":false,"_monsterinsights_sitenote_active":false,"_monsterinsights_sitenote_note":"","_monsterinsights_sitenote_category":0,"footnotes":""},"categories":[112,1396],"tags":[1422,748,1397,1523,1496,70],"class_list":["post-5885","post","type-post","status-publish","format-video","has-post-thumbnail","hentry","category-programa","category-sede-laboral","tag-derecho-laboral","tag-mujeres","tag-sede-laboral","tag-trabajadoras","tag-trabajadores","tag-utalca","post_format-post-format-video","slider-tags-sede-laboral"],"aioseo_notices":[],"_links":{"self":[{"href":"https:\/\/tv.utalca.cl\/index.php?rest_route=\/wp\/v2\/posts\/5885","targetHints":{"allow":["GET"]}}],"collection":[{"href":"https:\/\/tv.utalca.cl\/index.php?rest_route=\/wp\/v2\/posts"}],"about":[{"href":"https:\/\/tv.utalca.cl\/index.php?rest_route=\/wp\/v2\/types\/post"}],"author":[{"embeddable":true,"href":"https:\/\/tv.utalca.cl\/index.php?rest_route=\/wp\/v2\/users\/1"}],"replies":[{"embeddable":true,"href":"https:\/\/tv.utalca.cl\/index.php?rest_route=%2Fwp%2Fv2%2Fcomments&post=5885"}],"version-history":[{"count":1,"href":"https:\/\/tv.utalca.cl\/index.php?rest_route=\/wp\/v2\/posts\/5885\/revisions"}],"predecessor-version":[{"id":5887,"href":"https:\/\/tv.utalca.cl\/index.php?rest_route=\/wp\/v2\/posts\/5885\/revisions\/5887"}],"wp:featuredmedia":[{"embeddable":true,"href":"https:\/\/tv.utalca.cl\/index.php?rest_route=\/wp\/v2\/media\/5886"}],"wp:attachment":[{"href":"https:\/\/tv.utalca.cl\/index.php?rest_route=%2Fwp%2Fv2%2Fmedia&parent=5885"}],"wp:term":[{"taxonomy":"category","embeddable":true,"href":"https:\/\/tv.utalca.cl\/index.php?rest_route=%2Fwp%2Fv2%2Fcategories&post=5885"},{"taxonomy":"post_tag","embeddable":true,"href":"https:\/\/tv.utalca.cl\/index.php?rest_route=%2Fwp%2Fv2%2Ftags&post=5885"}],"curies":[{"name":"wp","href":"https:\/\/api.w.org\/{rel}","templated":true}]}}