{"id":5891,"date":"2020-05-14T21:09:53","date_gmt":"2020-05-14T21:09:53","guid":{"rendered":"https:\/\/tv.utalca.cl\/?p=5891"},"modified":"2025-04-11T13:15:33","modified_gmt":"2025-04-11T17:15:33","slug":"ya-puedes-ver-el-documental-de-lily-garafulic-en-sus-propias-palabras","status":"publish","type":"post","link":"https:\/\/tv.utalca.cl\/?p=5891","title":{"rendered":"Ya puedes ver el documental de Lily Garafulic &#8220;En sus propias palabras&#8221;"},"content":{"rendered":"<p><span class=\"style-scope yt-formatted-string\" dir=\"auto\">En conmemoraci\u00f3n del natalicio de la artista Lily Garafulic, la direcci\u00f3n de Extensi\u00f3n Cultural-Art\u00edstica UTalca te invita a ver el documental Lily Garafulic &#8220;En sus propias palabras&#8221;. Puedes verlo ac\u00e1: <\/span><a class=\"yt-simple-endpoint style-scope yt-formatted-string\" dir=\"auto\" spellcheck=\"false\" href=\"https:\/\/www.youtube.com\/redirect?q=https%3A%2F%2Fvimeo.com%2F414550594&amp;event=video_description&amp;v=nF8oSFJVcqA&amp;redir_token=_p_CaTiJF4FhBYdp96rtpIt62eZ8MTU4OTU3Njg4MUAxNTg5NDkwNDgx\" target=\"_blank\" rel=\"nofollow noopener\">https:\/\/vimeo.com\/414550594<\/a><span class=\"style-scope yt-formatted-string\" dir=\"auto\"> (disponible hasta el 31 de mayo).<\/span><\/p>\n","protected":false},"excerpt":{"rendered":"<p>En conmemoraci\u00f3n del natalicio de la artista Lily Garafulic, la direcci\u00f3n de Extensi\u00f3n Cultural-Art\u00edstica UTalca te invita a ver el documental Lily Garafulic &#8220;En sus propias palabras&#8221;. Puedes verlo ac\u00e1: https:\/\/vimeo.com\/414550594 (disponible hasta el 31 de mayo).<\/p>\n","protected":false},"author":1,"featured_media":5892,"comment_status":"closed","ping_status":"open","sticky":false,"template":"","format":"video","meta":{"om_disable_all_campaigns":false,"_monsterinsights_skip_tracking":false,"_monsterinsights_sitenote_active":false,"_monsterinsights_sitenote_note":"","_monsterinsights_sitenote_category":0,"footnotes":""},"categories":[1099,1326,1154,1334],"tags":[380,311,1626,392,446,70],"class_list":["post-5891","post","type-post","status-publish","format-video","has-post-thumbnail","hentry","category-comprometidos-con-la-comunidad","category-coronavirus","category-expertos-utalca","category-quedate-en-casa","tag-direccion-de-extension-artistica-cultural","tag-documental","tag-en-sus-propias-palabras","tag-lily-garafulic","tag-sala-lily-garafulic","tag-utalca","post_format-post-format-video","slider-tags-capsulas","slider-tags-slider"],"aioseo_notices":[],"_links":{"self":[{"href":"https:\/\/tv.utalca.cl\/index.php?rest_route=\/wp\/v2\/posts\/5891","targetHints":{"allow":["GET"]}}],"collection":[{"href":"https:\/\/tv.utalca.cl\/index.php?rest_route=\/wp\/v2\/posts"}],"about":[{"href":"https:\/\/tv.utalca.cl\/index.php?rest_route=\/wp\/v2\/types\/post"}],"author":[{"embeddable":true,"href":"https:\/\/tv.utalca.cl\/index.php?rest_route=\/wp\/v2\/users\/1"}],"replies":[{"embeddable":true,"href":"https:\/\/tv.utalca.cl\/index.php?rest_route=%2Fwp%2Fv2%2Fcomments&post=5891"}],"version-history":[{"count":1,"href":"https:\/\/tv.utalca.cl\/index.php?rest_route=\/wp\/v2\/posts\/5891\/revisions"}],"predecessor-version":[{"id":5893,"href":"https:\/\/tv.utalca.cl\/index.php?rest_route=\/wp\/v2\/posts\/5891\/revisions\/5893"}],"wp:featuredmedia":[{"embeddable":true,"href":"https:\/\/tv.utalca.cl\/index.php?rest_route=\/wp\/v2\/media\/5892"}],"wp:attachment":[{"href":"https:\/\/tv.utalca.cl\/index.php?rest_route=%2Fwp%2Fv2%2Fmedia&parent=5891"}],"wp:term":[{"taxonomy":"category","embeddable":true,"href":"https:\/\/tv.utalca.cl\/index.php?rest_route=%2Fwp%2Fv2%2Fcategories&post=5891"},{"taxonomy":"post_tag","embeddable":true,"href":"https:\/\/tv.utalca.cl\/index.php?rest_route=%2Fwp%2Fv2%2Ftags&post=5891"}],"curies":[{"name":"wp","href":"https:\/\/api.w.org\/{rel}","templated":true}]}}