{"id":5900,"date":"2020-05-15T17:17:16","date_gmt":"2020-05-15T17:17:16","guid":{"rendered":"https:\/\/tv.utalca.cl\/?p=5900"},"modified":"2025-04-11T13:15:34","modified_gmt":"2025-04-11T17:15:34","slug":"como-se-transforma-la-ciudad-en-una-pandemia","status":"publish","type":"post","link":"https:\/\/tv.utalca.cl\/?p=5900","title":{"rendered":"\u00bfC\u00f3mo se transforma la ciudad en una pandemia?"},"content":{"rendered":"<p>&#8220;El comportamiento urbano es fundamental en la construcci\u00f3n de una ciudad como organismo. M\u00e1s que la competencia, surge la posibilidad de cooperaci\u00f3n, el cuidado con los ni\u00f1os, con los ancianos, con las personas que tienen necesidades especiales, la construcci\u00f3n de empat\u00edas y del respeto al otro cuando por ejemplo, circulamos por la ciudad&#8221;.Andr\u00e9s Maraga\u00f1o, acad\u00e9mico Escuela de Arquitectura UTalca.<\/p>\n","protected":false},"excerpt":{"rendered":"<p>&#8220;El comportamiento urbano es fundamental en la construcci\u00f3n de una ciudad como organismo. M\u00e1s que la competencia, surge la posibilidad de cooperaci\u00f3n, el cuidado con los ni\u00f1os, con los ancianos, con las personas que tienen necesidades especiales, la construcci\u00f3n de empat\u00edas y del respeto al otro cuando por ejemplo, circulamos por la ciudad&#8221;.Andr\u00e9s Maraga\u00f1o, acad\u00e9mico [&hellip;]<\/p>\n","protected":false},"author":1,"featured_media":5901,"comment_status":"closed","ping_status":"open","sticky":false,"template":"","format":"video","meta":{"om_disable_all_campaigns":false,"_monsterinsights_skip_tracking":false,"_monsterinsights_sitenote_active":false,"_monsterinsights_sitenote_note":"","_monsterinsights_sitenote_category":0,"footnotes":""},"categories":[1099,1326,1154,1334],"tags":[731,1630,1267,1305,1312,70],"class_list":["post-5900","post","type-post","status-publish","format-video","has-post-thumbnail","hentry","category-comprometidos-con-la-comunidad","category-coronavirus","category-expertos-utalca","category-quedate-en-casa","tag-arquitectura","tag-ciudad","tag-coronavirus","tag-covid19","tag-pandemia","tag-utalca","post_format-post-format-video","slider-tags-capsulas"],"aioseo_notices":[],"_links":{"self":[{"href":"https:\/\/tv.utalca.cl\/index.php?rest_route=\/wp\/v2\/posts\/5900","targetHints":{"allow":["GET"]}}],"collection":[{"href":"https:\/\/tv.utalca.cl\/index.php?rest_route=\/wp\/v2\/posts"}],"about":[{"href":"https:\/\/tv.utalca.cl\/index.php?rest_route=\/wp\/v2\/types\/post"}],"author":[{"embeddable":true,"href":"https:\/\/tv.utalca.cl\/index.php?rest_route=\/wp\/v2\/users\/1"}],"replies":[{"embeddable":true,"href":"https:\/\/tv.utalca.cl\/index.php?rest_route=%2Fwp%2Fv2%2Fcomments&post=5900"}],"version-history":[{"count":1,"href":"https:\/\/tv.utalca.cl\/index.php?rest_route=\/wp\/v2\/posts\/5900\/revisions"}],"predecessor-version":[{"id":5902,"href":"https:\/\/tv.utalca.cl\/index.php?rest_route=\/wp\/v2\/posts\/5900\/revisions\/5902"}],"wp:featuredmedia":[{"embeddable":true,"href":"https:\/\/tv.utalca.cl\/index.php?rest_route=\/wp\/v2\/media\/5901"}],"wp:attachment":[{"href":"https:\/\/tv.utalca.cl\/index.php?rest_route=%2Fwp%2Fv2%2Fmedia&parent=5900"}],"wp:term":[{"taxonomy":"category","embeddable":true,"href":"https:\/\/tv.utalca.cl\/index.php?rest_route=%2Fwp%2Fv2%2Fcategories&post=5900"},{"taxonomy":"post_tag","embeddable":true,"href":"https:\/\/tv.utalca.cl\/index.php?rest_route=%2Fwp%2Fv2%2Ftags&post=5900"}],"curies":[{"name":"wp","href":"https:\/\/api.w.org\/{rel}","templated":true}]}}