{"id":5906,"date":"2020-05-15T22:39:47","date_gmt":"2020-05-15T22:39:47","guid":{"rendered":"https:\/\/tv.utalca.cl\/?p=5906"},"modified":"2025-04-11T13:15:34","modified_gmt":"2025-04-11T17:15:34","slug":"hablemos-de-salud-cuidados-en-la-maternidad-y-cuidados-de-personas-enfermas-por-covid-19","status":"publish","type":"post","link":"https:\/\/tv.utalca.cl\/?p=5906","title":{"rendered":"Hablemos de Salud: Cuidados en la maternidad y cuidados de personas enfermas por Covid-19"},"content":{"rendered":"<div id=\"meta\" class=\"style-scope ytd-watch-flexy\">\n<div id=\"meta-contents\" class=\"style-scope ytd-watch-flexy\">\n<div id=\"container\" class=\"style-scope ytd-video-secondary-info-renderer\">\n<div id=\"content\" class=\"style-scope ytd-expander\">\n<div id=\"description\" class=\"style-scope ytd-video-secondary-info-renderer\"><span class=\"style-scope yt-formatted-string\" dir=\"auto\">Conversaremos sobre cuidados en la maternidad junto a la matrona P\u00eda Villarroel, acad\u00e9mica Depto. de Salud P\u00fablica UTalca. Y tambi\u00e9n sobre cuidados de personas enfermas con Covid-19 con B\u00e1rbara Fern\u00e1ndez, acad\u00e9mica Enfermer\u00eda Universidad de Talca.\u00a0<\/span><\/div>\n<\/div>\n<\/div>\n<\/div>\n<\/div>\n<div id=\"ticket-shelf\" class=\"style-scope ytd-watch-flexy\"><\/div>\n<div id=\"merch-shelf\" class=\"style-scope ytd-watch-flexy\"><\/div>\n<div id=\"header\" class=\"style-scope ytd-item-section-renderer\">\n<div id=\"title\" class=\"style-scope ytd-comments-header-renderer\"><\/div>\n<\/div>\n","protected":false},"excerpt":{"rendered":"<p>Conversaremos sobre cuidados en la maternidad junto a la matrona P\u00eda Villarroel, acad\u00e9mica Depto. de Salud P\u00fablica UTalca. Y tambi\u00e9n sobre cuidados de personas enfermas con Covid-19 con B\u00e1rbara Fern\u00e1ndez, acad\u00e9mica Enfermer\u00eda Universidad de Talca.\u00a0<\/p>\n","protected":false},"author":1,"featured_media":5907,"comment_status":"closed","ping_status":"open","sticky":false,"template":"","format":"video","meta":{"om_disable_all_campaigns":false,"_monsterinsights_skip_tracking":false,"_monsterinsights_sitenote_active":false,"_monsterinsights_sitenote_note":"","_monsterinsights_sitenote_category":0,"footnotes":""},"categories":[1527,112],"tags":[1620,1267,1305,1217,1634,1497,1635,1528,1633,323,70],"class_list":["post-5906","post","type-post","status-publish","format-video","has-post-thumbnail","hentry","category-hablemos-de-salud","category-programa","tag-contagiados","tag-coronavirus","tag-covid19","tag-cuidados","tag-cuidados-embarazadas","tag-enfermeria","tag-enfermos","tag-hablemos-de-salud","tag-mamas","tag-salud-publica","tag-utalca","post_format-post-format-video","slider-tags-hablemos-de-salud"],"aioseo_notices":[],"_links":{"self":[{"href":"https:\/\/tv.utalca.cl\/index.php?rest_route=\/wp\/v2\/posts\/5906","targetHints":{"allow":["GET"]}}],"collection":[{"href":"https:\/\/tv.utalca.cl\/index.php?rest_route=\/wp\/v2\/posts"}],"about":[{"href":"https:\/\/tv.utalca.cl\/index.php?rest_route=\/wp\/v2\/types\/post"}],"author":[{"embeddable":true,"href":"https:\/\/tv.utalca.cl\/index.php?rest_route=\/wp\/v2\/users\/1"}],"replies":[{"embeddable":true,"href":"https:\/\/tv.utalca.cl\/index.php?rest_route=%2Fwp%2Fv2%2Fcomments&post=5906"}],"version-history":[{"count":1,"href":"https:\/\/tv.utalca.cl\/index.php?rest_route=\/wp\/v2\/posts\/5906\/revisions"}],"predecessor-version":[{"id":5908,"href":"https:\/\/tv.utalca.cl\/index.php?rest_route=\/wp\/v2\/posts\/5906\/revisions\/5908"}],"wp:featuredmedia":[{"embeddable":true,"href":"https:\/\/tv.utalca.cl\/index.php?rest_route=\/wp\/v2\/media\/5907"}],"wp:attachment":[{"href":"https:\/\/tv.utalca.cl\/index.php?rest_route=%2Fwp%2Fv2%2Fmedia&parent=5906"}],"wp:term":[{"taxonomy":"category","embeddable":true,"href":"https:\/\/tv.utalca.cl\/index.php?rest_route=%2Fwp%2Fv2%2Fcategories&post=5906"},{"taxonomy":"post_tag","embeddable":true,"href":"https:\/\/tv.utalca.cl\/index.php?rest_route=%2Fwp%2Fv2%2Ftags&post=5906"}],"curies":[{"name":"wp","href":"https:\/\/api.w.org\/{rel}","templated":true}]}}