{"id":5933,"date":"2020-05-18T20:55:36","date_gmt":"2020-05-18T20:55:36","guid":{"rendered":"https:\/\/tv.utalca.cl\/?p=5933"},"modified":"2025-04-11T13:15:34","modified_gmt":"2025-04-11T17:15:34","slug":"hablemos-de-salud-efectos-emocionales-cuarentena-y-actividades-para-potenciar-habilidades-en-ninos","status":"publish","type":"post","link":"https:\/\/tv.utalca.cl\/?p=5933","title":{"rendered":"Hablemos de Salud: Efectos emocionales cuarentena y actividades para potenciar habilidades en ni\u00f1os"},"content":{"rendered":"<p>Conversamos sobre los efectos emocionales de la cuarentena junto a Nadia Ramos, acad\u00e9mica Psicolog\u00eda UTalca. Adem\u00e1s, aprenderemos actividades para potenciar las habilidades de los ni\u00f1os en casa con Pablo L\u00f3pez, acad\u00e9mico Terapia Ocupacional UTalca.<\/p>\n","protected":false},"excerpt":{"rendered":"<p>Conversamos sobre los efectos emocionales de la cuarentena junto a Nadia Ramos, acad\u00e9mica Psicolog\u00eda UTalca. Adem\u00e1s, aprenderemos actividades para potenciar las habilidades de los ni\u00f1os en casa con Pablo L\u00f3pez, acad\u00e9mico Terapia Ocupacional UTalca.<\/p>\n","protected":false},"author":1,"featured_media":5934,"comment_status":"closed","ping_status":"open","sticky":false,"template":"","format":"video","meta":{"om_disable_all_campaigns":false,"_monsterinsights_skip_tracking":false,"_monsterinsights_sitenote_active":false,"_monsterinsights_sitenote_note":"","_monsterinsights_sitenote_category":0,"footnotes":""},"categories":[1527,112],"tags":[1646,1324,1647,1528,303,80,1338,70],"class_list":["post-5933","post","type-post","status-publish","format-video","has-post-thumbnail","hentry","category-hablemos-de-salud","category-programa","tag-actividades","tag-cuarentena","tag-habilidades","tag-hablemos-de-salud","tag-ninos","tag-psicologia","tag-terapia-ocupacional","tag-utalca","post_format-post-format-video","slider-tags-hablemos-de-salud","slider-tags-slider"],"aioseo_notices":[],"_links":{"self":[{"href":"https:\/\/tv.utalca.cl\/index.php?rest_route=\/wp\/v2\/posts\/5933","targetHints":{"allow":["GET"]}}],"collection":[{"href":"https:\/\/tv.utalca.cl\/index.php?rest_route=\/wp\/v2\/posts"}],"about":[{"href":"https:\/\/tv.utalca.cl\/index.php?rest_route=\/wp\/v2\/types\/post"}],"author":[{"embeddable":true,"href":"https:\/\/tv.utalca.cl\/index.php?rest_route=\/wp\/v2\/users\/1"}],"replies":[{"embeddable":true,"href":"https:\/\/tv.utalca.cl\/index.php?rest_route=%2Fwp%2Fv2%2Fcomments&post=5933"}],"version-history":[{"count":1,"href":"https:\/\/tv.utalca.cl\/index.php?rest_route=\/wp\/v2\/posts\/5933\/revisions"}],"predecessor-version":[{"id":5935,"href":"https:\/\/tv.utalca.cl\/index.php?rest_route=\/wp\/v2\/posts\/5933\/revisions\/5935"}],"wp:featuredmedia":[{"embeddable":true,"href":"https:\/\/tv.utalca.cl\/index.php?rest_route=\/wp\/v2\/media\/5934"}],"wp:attachment":[{"href":"https:\/\/tv.utalca.cl\/index.php?rest_route=%2Fwp%2Fv2%2Fmedia&parent=5933"}],"wp:term":[{"taxonomy":"category","embeddable":true,"href":"https:\/\/tv.utalca.cl\/index.php?rest_route=%2Fwp%2Fv2%2Fcategories&post=5933"},{"taxonomy":"post_tag","embeddable":true,"href":"https:\/\/tv.utalca.cl\/index.php?rest_route=%2Fwp%2Fv2%2Ftags&post=5933"}],"curies":[{"name":"wp","href":"https:\/\/api.w.org\/{rel}","templated":true}]}}