{"id":5964,"date":"2020-05-20T17:30:32","date_gmt":"2020-05-20T17:30:32","guid":{"rendered":"https:\/\/tv.utalca.cl\/?p=5964"},"modified":"2025-04-11T13:15:35","modified_gmt":"2025-04-11T17:15:35","slug":"dialogos-politicos-impacto-de-covid-19-en-espana-y-la-union-europea","status":"publish","type":"post","link":"https:\/\/tv.utalca.cl\/?p=5964","title":{"rendered":"Di\u00e1logos Pol\u00edticos: Impacto de Covid-19 en Espa\u00f1a y la Uni\u00f3n Europea"},"content":{"rendered":"<p>Sonia Gonz\u00e1lez, doctora en Ciencias Pol\u00edticas de Espa\u00f1a analiza la situaci\u00f3n y futuro de esta comunidad del viejo continente a partir de la pandemia.<\/p>\n","protected":false},"excerpt":{"rendered":"<p>Sonia Gonz\u00e1lez, doctora en Ciencias Pol\u00edticas de Espa\u00f1a analiza la situaci\u00f3n y futuro de esta comunidad del viejo continente a partir de la pandemia.<\/p>\n","protected":false},"author":1,"featured_media":5965,"comment_status":"closed","ping_status":"open","sticky":false,"template":"","format":"video","meta":{"om_disable_all_campaigns":false,"_monsterinsights_skip_tracking":false,"_monsterinsights_sitenote_active":false,"_monsterinsights_sitenote_note":"","_monsterinsights_sitenote_category":0,"footnotes":""},"categories":[1657,112],"tags":[1267,1305,1658,1659,224,1312,1660,70],"class_list":["post-5964","post","type-post","status-publish","format-video","has-post-thumbnail","hentry","category-dialogos-politicos","category-programa","tag-coronavirus","tag-covid19","tag-dialogos-politicos","tag-espana","tag-facultad-ciencias-juridicas-y-sociales","tag-pandemia","tag-union-europea","tag-utalca","post_format-post-format-video","slider-tags-dialogos-politicos","slider-tags-slider"],"aioseo_notices":[],"_links":{"self":[{"href":"https:\/\/tv.utalca.cl\/index.php?rest_route=\/wp\/v2\/posts\/5964","targetHints":{"allow":["GET"]}}],"collection":[{"href":"https:\/\/tv.utalca.cl\/index.php?rest_route=\/wp\/v2\/posts"}],"about":[{"href":"https:\/\/tv.utalca.cl\/index.php?rest_route=\/wp\/v2\/types\/post"}],"author":[{"embeddable":true,"href":"https:\/\/tv.utalca.cl\/index.php?rest_route=\/wp\/v2\/users\/1"}],"replies":[{"embeddable":true,"href":"https:\/\/tv.utalca.cl\/index.php?rest_route=%2Fwp%2Fv2%2Fcomments&post=5964"}],"version-history":[{"count":1,"href":"https:\/\/tv.utalca.cl\/index.php?rest_route=\/wp\/v2\/posts\/5964\/revisions"}],"predecessor-version":[{"id":5966,"href":"https:\/\/tv.utalca.cl\/index.php?rest_route=\/wp\/v2\/posts\/5964\/revisions\/5966"}],"wp:featuredmedia":[{"embeddable":true,"href":"https:\/\/tv.utalca.cl\/index.php?rest_route=\/wp\/v2\/media\/5965"}],"wp:attachment":[{"href":"https:\/\/tv.utalca.cl\/index.php?rest_route=%2Fwp%2Fv2%2Fmedia&parent=5964"}],"wp:term":[{"taxonomy":"category","embeddable":true,"href":"https:\/\/tv.utalca.cl\/index.php?rest_route=%2Fwp%2Fv2%2Fcategories&post=5964"},{"taxonomy":"post_tag","embeddable":true,"href":"https:\/\/tv.utalca.cl\/index.php?rest_route=%2Fwp%2Fv2%2Ftags&post=5964"}],"curies":[{"name":"wp","href":"https:\/\/api.w.org\/{rel}","templated":true}]}}