{"id":5994,"date":"2020-05-22T16:15:04","date_gmt":"2020-05-22T16:15:04","guid":{"rendered":"https:\/\/tv.utalca.cl\/?p=5994"},"modified":"2025-04-11T13:15:35","modified_gmt":"2025-04-11T17:15:35","slug":"migracion-de-la-ciudad-al-territorio-rural","status":"publish","type":"post","link":"https:\/\/tv.utalca.cl\/?p=5994","title":{"rendered":"Migraci\u00f3n de la ciudad al territorio rural"},"content":{"rendered":"<p>&#8220;Una de las consecuencias de la pandemia, es probable que sea la migraci\u00f3n hacia el territorio rural&#8221;, nos explica Andr\u00e9s Maraga\u00f1o, acad\u00e9mico Escuela de Arquitectura UTalca.<\/p>\n","protected":false},"excerpt":{"rendered":"<p>&#8220;Una de las consecuencias de la pandemia, es probable que sea la migraci\u00f3n hacia el territorio rural&#8221;, nos explica Andr\u00e9s Maraga\u00f1o, acad\u00e9mico Escuela de Arquitectura UTalca.<\/p>\n","protected":false},"author":1,"featured_media":5995,"comment_status":"closed","ping_status":"open","sticky":false,"template":"","format":"video","meta":{"om_disable_all_campaigns":false,"_monsterinsights_skip_tracking":false,"_monsterinsights_sitenote_active":false,"_monsterinsights_sitenote_note":"","_monsterinsights_sitenote_category":0,"footnotes":""},"categories":[1099,1326,1154,1334],"tags":[1078,1630,1103,1305,1665,1312,704,1667,1666,70],"class_list":["post-5994","post","type-post","status-publish","format-video","has-post-thumbnail","hentry","category-comprometidos-con-la-comunidad","category-coronavirus","category-expertos-utalca","category-quedate-en-casa","tag-arquitectura-utalca","tag-ciudad","tag-comprometidos-con-la-comunidad","tag-covid19","tag-migracion","tag-pandemia","tag-rural","tag-ruralidad","tag-sector","tag-utalca","post_format-post-format-video","slider-tags-capsulas","slider-tags-slider"],"aioseo_notices":[],"_links":{"self":[{"href":"https:\/\/tv.utalca.cl\/index.php?rest_route=\/wp\/v2\/posts\/5994","targetHints":{"allow":["GET"]}}],"collection":[{"href":"https:\/\/tv.utalca.cl\/index.php?rest_route=\/wp\/v2\/posts"}],"about":[{"href":"https:\/\/tv.utalca.cl\/index.php?rest_route=\/wp\/v2\/types\/post"}],"author":[{"embeddable":true,"href":"https:\/\/tv.utalca.cl\/index.php?rest_route=\/wp\/v2\/users\/1"}],"replies":[{"embeddable":true,"href":"https:\/\/tv.utalca.cl\/index.php?rest_route=%2Fwp%2Fv2%2Fcomments&post=5994"}],"version-history":[{"count":1,"href":"https:\/\/tv.utalca.cl\/index.php?rest_route=\/wp\/v2\/posts\/5994\/revisions"}],"predecessor-version":[{"id":5996,"href":"https:\/\/tv.utalca.cl\/index.php?rest_route=\/wp\/v2\/posts\/5994\/revisions\/5996"}],"wp:featuredmedia":[{"embeddable":true,"href":"https:\/\/tv.utalca.cl\/index.php?rest_route=\/wp\/v2\/media\/5995"}],"wp:attachment":[{"href":"https:\/\/tv.utalca.cl\/index.php?rest_route=%2Fwp%2Fv2%2Fmedia&parent=5994"}],"wp:term":[{"taxonomy":"category","embeddable":true,"href":"https:\/\/tv.utalca.cl\/index.php?rest_route=%2Fwp%2Fv2%2Fcategories&post=5994"},{"taxonomy":"post_tag","embeddable":true,"href":"https:\/\/tv.utalca.cl\/index.php?rest_route=%2Fwp%2Fv2%2Ftags&post=5994"}],"curies":[{"name":"wp","href":"https:\/\/api.w.org\/{rel}","templated":true}]}}