{"id":6017,"date":"2020-05-22T20:51:09","date_gmt":"2020-05-22T20:51:09","guid":{"rendered":"https:\/\/tv.utalca.cl\/?p=6017"},"modified":"2025-04-11T13:15:35","modified_gmt":"2025-04-11T17:15:35","slug":"hablemos-de-salud-efectos-de-cuarentena-en-ninos-y-equilibrio-ocupacional","status":"publish","type":"post","link":"https:\/\/tv.utalca.cl\/?p=6017","title":{"rendered":"Hablemos de Salud: Efectos de cuarentena en ni\u00f1os y equilibrio ocupacional"},"content":{"rendered":"<p>Conversamos sobre los efectos de la cuarentena en ni\u00f1os junto a Natalia Uribe, acad\u00e9mica Psicolog\u00eda UTalca. Adem\u00e1s, en el segundo bloque conoceremos qu\u00e9 es el equilibrio ocupacional junto a Daniela Avello, directora Escuela Terapia Ocupacional UTalca.<\/p>\n","protected":false},"excerpt":{"rendered":"<p>Conversamos sobre los efectos de la cuarentena en ni\u00f1os junto a Natalia Uribe, acad\u00e9mica Psicolog\u00eda UTalca. Adem\u00e1s, en el segundo bloque conoceremos qu\u00e9 es el equilibrio ocupacional junto a Daniela Avello, directora Escuela Terapia Ocupacional UTalca.<\/p>\n","protected":false},"author":1,"featured_media":6018,"comment_status":"closed","ping_status":"open","sticky":false,"template":"","format":"video","meta":{"om_disable_all_campaigns":false,"_monsterinsights_skip_tracking":false,"_monsterinsights_sitenote_active":false,"_monsterinsights_sitenote_note":"","_monsterinsights_sitenote_category":0,"footnotes":""},"categories":[1527,112],"tags":[1267,1305,1324,1610,1528,303,80,1338,70],"class_list":["post-6017","post","type-post","status-publish","format-video","has-post-thumbnail","hentry","category-hablemos-de-salud","category-programa","tag-coronavirus","tag-covid19","tag-cuarentena","tag-efectos","tag-hablemos-de-salud","tag-ninos","tag-psicologia","tag-terapia-ocupacional","tag-utalca","post_format-post-format-video","slider-tags-hablemos-de-salud","slider-tags-slider"],"aioseo_notices":[],"_links":{"self":[{"href":"https:\/\/tv.utalca.cl\/index.php?rest_route=\/wp\/v2\/posts\/6017","targetHints":{"allow":["GET"]}}],"collection":[{"href":"https:\/\/tv.utalca.cl\/index.php?rest_route=\/wp\/v2\/posts"}],"about":[{"href":"https:\/\/tv.utalca.cl\/index.php?rest_route=\/wp\/v2\/types\/post"}],"author":[{"embeddable":true,"href":"https:\/\/tv.utalca.cl\/index.php?rest_route=\/wp\/v2\/users\/1"}],"replies":[{"embeddable":true,"href":"https:\/\/tv.utalca.cl\/index.php?rest_route=%2Fwp%2Fv2%2Fcomments&post=6017"}],"version-history":[{"count":1,"href":"https:\/\/tv.utalca.cl\/index.php?rest_route=\/wp\/v2\/posts\/6017\/revisions"}],"predecessor-version":[{"id":6019,"href":"https:\/\/tv.utalca.cl\/index.php?rest_route=\/wp\/v2\/posts\/6017\/revisions\/6019"}],"wp:featuredmedia":[{"embeddable":true,"href":"https:\/\/tv.utalca.cl\/index.php?rest_route=\/wp\/v2\/media\/6018"}],"wp:attachment":[{"href":"https:\/\/tv.utalca.cl\/index.php?rest_route=%2Fwp%2Fv2%2Fmedia&parent=6017"}],"wp:term":[{"taxonomy":"category","embeddable":true,"href":"https:\/\/tv.utalca.cl\/index.php?rest_route=%2Fwp%2Fv2%2Fcategories&post=6017"},{"taxonomy":"post_tag","embeddable":true,"href":"https:\/\/tv.utalca.cl\/index.php?rest_route=%2Fwp%2Fv2%2Ftags&post=6017"}],"curies":[{"name":"wp","href":"https:\/\/api.w.org\/{rel}","templated":true}]}}