{"id":6092,"date":"2020-06-01T13:37:00","date_gmt":"2020-06-01T13:37:00","guid":{"rendered":"https:\/\/tv.utalca.cl\/?p=6092"},"modified":"2025-04-11T13:15:37","modified_gmt":"2025-04-11T17:15:37","slug":"hablemos-de-salud-tea-cuarentena-y-trastorno-del-lenguaje","status":"publish","type":"post","link":"https:\/\/tv.utalca.cl\/?p=6092","title":{"rendered":"Hablemos de Salud: TEA, cuarentena y trastorno del lenguaje"},"content":{"rendered":"<p>Conversamos junto a Jos\u00e9 Sazo, acad\u00e9mico Escuela de Fonoaudiolog\u00eda UTalca sobre TEA y c\u00f3mo les afecta la cuarentena. Adem\u00e1s, nos acompa\u00f1a Carlos Gonz\u00e1lez, acad\u00e9mico Escuela de Fonoaudiolog\u00eda UTalca sobre qu\u00e9 es el trastorno del lenguaje y c\u00f3mo estimular su desarrollo.<\/p>\n","protected":false},"excerpt":{"rendered":"<p>Conversamos junto a Jos\u00e9 Sazo, acad\u00e9mico Escuela de Fonoaudiolog\u00eda UTalca sobre TEA y c\u00f3mo les afecta la cuarentena. Adem\u00e1s, nos acompa\u00f1a Carlos Gonz\u00e1lez, acad\u00e9mico Escuela de Fonoaudiolog\u00eda UTalca sobre qu\u00e9 es el trastorno del lenguaje y c\u00f3mo estimular su desarrollo.<\/p>\n","protected":false},"author":1,"featured_media":6093,"comment_status":"closed","ping_status":"open","sticky":false,"template":"","format":"video","meta":{"om_disable_all_campaigns":false,"_monsterinsights_skip_tracking":false,"_monsterinsights_sitenote_active":false,"_monsterinsights_sitenote_note":"","_monsterinsights_sitenote_category":0,"footnotes":""},"categories":[1527,112],"tags":[1359,465,1103,1267,1314,1680,1324,119,1717,1715,1716,70],"class_list":["post-6092","post","type-post","status-publish","format-video","has-post-thumbnail","hentry","category-hablemos-de-salud","category-programa","tag-casa","tag-clinicas-fonoaudiologicas","tag-comprometidos-con-la-comunidad","tag-coronavirus","tag-coronavirus-talca","tag-covid-19","tag-cuarentena","tag-fonoaudiologia","tag-quedate-en-cas","tag-tea","tag-trastorno-del-lenguaje","tag-utalca","post_format-post-format-video","slider-tags-hablemos-de-salud","slider-tags-slider"],"aioseo_notices":[],"_links":{"self":[{"href":"https:\/\/tv.utalca.cl\/index.php?rest_route=\/wp\/v2\/posts\/6092","targetHints":{"allow":["GET"]}}],"collection":[{"href":"https:\/\/tv.utalca.cl\/index.php?rest_route=\/wp\/v2\/posts"}],"about":[{"href":"https:\/\/tv.utalca.cl\/index.php?rest_route=\/wp\/v2\/types\/post"}],"author":[{"embeddable":true,"href":"https:\/\/tv.utalca.cl\/index.php?rest_route=\/wp\/v2\/users\/1"}],"replies":[{"embeddable":true,"href":"https:\/\/tv.utalca.cl\/index.php?rest_route=%2Fwp%2Fv2%2Fcomments&post=6092"}],"version-history":[{"count":1,"href":"https:\/\/tv.utalca.cl\/index.php?rest_route=\/wp\/v2\/posts\/6092\/revisions"}],"predecessor-version":[{"id":6094,"href":"https:\/\/tv.utalca.cl\/index.php?rest_route=\/wp\/v2\/posts\/6092\/revisions\/6094"}],"wp:featuredmedia":[{"embeddable":true,"href":"https:\/\/tv.utalca.cl\/index.php?rest_route=\/wp\/v2\/media\/6093"}],"wp:attachment":[{"href":"https:\/\/tv.utalca.cl\/index.php?rest_route=%2Fwp%2Fv2%2Fmedia&parent=6092"}],"wp:term":[{"taxonomy":"category","embeddable":true,"href":"https:\/\/tv.utalca.cl\/index.php?rest_route=%2Fwp%2Fv2%2Fcategories&post=6092"},{"taxonomy":"post_tag","embeddable":true,"href":"https:\/\/tv.utalca.cl\/index.php?rest_route=%2Fwp%2Fv2%2Ftags&post=6092"}],"curies":[{"name":"wp","href":"https:\/\/api.w.org\/{rel}","templated":true}]}}