{"id":6107,"date":"2020-06-01T16:07:59","date_gmt":"2020-06-01T16:07:59","guid":{"rendered":"https:\/\/tv.utalca.cl\/?p=6107"},"modified":"2025-04-11T13:15:37","modified_gmt":"2025-04-11T17:15:37","slug":"dia-mundial-sin-tabaco","status":"publish","type":"post","link":"https:\/\/tv.utalca.cl\/?p=6107","title":{"rendered":"D\u00eda Mundial sin Tabaco"},"content":{"rendered":"<p>&#8220;Si t\u00fa dejas de fumar, a los 20 minutos tu presi\u00f3n arterial se normaliza, a los dos d\u00edas comienzas a recuperar el sentido del gusto y el olfato. Despu\u00e9s de un mes comienza a mejorar tu capacidad pulmonar. Al a\u00f1o disminuye el riesgo de infarto al coraz\u00f3n. Y a los 10 a\u00f1os disminuye el riesgo de muchos tipos de c\u00e1ncer&#8221;. Nos aconseja Edison Veloso, m\u00e9dico Programa de Especializaci\u00f3n en Medicina Familiar UTalca.<\/p>\n","protected":false},"excerpt":{"rendered":"<p>&#8220;Si t\u00fa dejas de fumar, a los 20 minutos tu presi\u00f3n arterial se normaliza, a los dos d\u00edas comienzas a recuperar el sentido del gusto y el olfato. Despu\u00e9s de un mes comienza a mejorar tu capacidad pulmonar. Al a\u00f1o disminuye el riesgo de infarto al coraz\u00f3n. Y a los 10 a\u00f1os disminuye el riesgo [&hellip;]<\/p>\n","protected":false},"author":1,"featured_media":6108,"comment_status":"closed","ping_status":"open","sticky":false,"template":"","format":"video","meta":{"om_disable_all_campaigns":false,"_monsterinsights_skip_tracking":false,"_monsterinsights_sitenote_active":false,"_monsterinsights_sitenote_note":"","_monsterinsights_sitenote_category":0,"footnotes":""},"categories":[1099,1326,1154,1334],"tags":[1513,1267,1680,1726,1723,1724,1725,1722,70],"class_list":["post-6107","post","type-post","status-publish","format-video","has-post-thumbnail","hentry","category-comprometidos-con-la-comunidad","category-coronavirus","category-expertos-utalca","category-quedate-en-casa","tag-cigarro","tag-coronavirus","tag-covid-19","tag-deja-de-fumar","tag-dia-mundial-sin-tabaco","tag-no-smoking","tag-prohibido-fumar","tag-tabaco","tag-utalca","post_format-post-format-video","slider-tags-capsulas"],"aioseo_notices":[],"_links":{"self":[{"href":"https:\/\/tv.utalca.cl\/index.php?rest_route=\/wp\/v2\/posts\/6107","targetHints":{"allow":["GET"]}}],"collection":[{"href":"https:\/\/tv.utalca.cl\/index.php?rest_route=\/wp\/v2\/posts"}],"about":[{"href":"https:\/\/tv.utalca.cl\/index.php?rest_route=\/wp\/v2\/types\/post"}],"author":[{"embeddable":true,"href":"https:\/\/tv.utalca.cl\/index.php?rest_route=\/wp\/v2\/users\/1"}],"replies":[{"embeddable":true,"href":"https:\/\/tv.utalca.cl\/index.php?rest_route=%2Fwp%2Fv2%2Fcomments&post=6107"}],"version-history":[{"count":1,"href":"https:\/\/tv.utalca.cl\/index.php?rest_route=\/wp\/v2\/posts\/6107\/revisions"}],"predecessor-version":[{"id":6109,"href":"https:\/\/tv.utalca.cl\/index.php?rest_route=\/wp\/v2\/posts\/6107\/revisions\/6109"}],"wp:featuredmedia":[{"embeddable":true,"href":"https:\/\/tv.utalca.cl\/index.php?rest_route=\/wp\/v2\/media\/6108"}],"wp:attachment":[{"href":"https:\/\/tv.utalca.cl\/index.php?rest_route=%2Fwp%2Fv2%2Fmedia&parent=6107"}],"wp:term":[{"taxonomy":"category","embeddable":true,"href":"https:\/\/tv.utalca.cl\/index.php?rest_route=%2Fwp%2Fv2%2Fcategories&post=6107"},{"taxonomy":"post_tag","embeddable":true,"href":"https:\/\/tv.utalca.cl\/index.php?rest_route=%2Fwp%2Fv2%2Ftags&post=6107"}],"curies":[{"name":"wp","href":"https:\/\/api.w.org\/{rel}","templated":true}]}}