{"id":6112,"date":"2020-06-01T16:27:22","date_gmt":"2020-06-01T16:27:22","guid":{"rendered":"https:\/\/tv.utalca.cl\/?p=6112"},"modified":"2025-04-11T13:15:38","modified_gmt":"2025-04-11T17:15:38","slug":"transformaciones-de-la-ciudad-el-teletrabajo","status":"publish","type":"post","link":"https:\/\/tv.utalca.cl\/?p=6112","title":{"rendered":"Transformaciones de la ciudad: El teletrabajo"},"content":{"rendered":"<p>La pandemia ha transformado la ciudad, una de estas consecuencias es la instauraci\u00f3n del teletrabajo\u00a0<span class=\"_5mfr\"><span class=\"_6qdm\">\ud83d\udc69\u200d\ud83d\udcbb<\/span><\/span><span class=\"_5mfr\"><span class=\"_6qdm\">\ud83d\udc68\u200d\ud83d\udcbb<\/span><\/span>\u00a0\u00bfqu\u00e9 podr\u00eda pasar a futuro? Andr\u00e9s Maraga\u00f1o, acad\u00e9mico Escuela de Arquitectura\u00a0<a class=\"profileLink\" href=\"https:\/\/www.facebook.com\/utalca\/?__tn__=K-R&amp;eid=ARAzGeqdAkiIYh8aeUmUcaE5Uhl-uknk_4ytV2pU0eIR3GCPejjRAT8p9ugpqDj8dYC9DvFgWtfrUlCo&amp;fref=mentions&amp;__xts__%5B0%5D=68.ARA3w7HTASqRjk8TJ6zQeXPMvibXlCuxtZm-HXNFUMp_v5fQABGurN-liaQPnKntlGpQL3u7nLsvuWhiFVUuUuWLuiiqCPexfB9IuXUXE1_d7nEHoMdxaDSe_mJ5LmNSOaOr90kBmvemJKrtKmBo3pSSt6aDcxZ3j0xR_AN4eAldVfSzEi1EqHKbbM7n0tB0H16BJQWFx5BJs0o_rVLjwjQF-O5nDjWpUf5rp1LJJ2uDeFgYOvqqWxzbYXu28mbOUy3sZTK8XwSTyRUx1pwAOTwSZmBzeN4oatNmxCWm0_o61u4EOQ3Yj70nT0ndHR-uwCE_ox3xZ0iNYg5FJLPOTOwrrEgPc7Qkh98f8HgbhAg1gHwWMQ7SnVzSRcfYAD_M7XrDQwviDPBfMsLkaoT_g-go8meUF0gkSiHhad3BbAnfOu_FZdJM3XH276zhxD3H-oV37LuweDZ_C7CGrqSk33gmR511VmZM3uKfN9YN1rV0hEaTNUIh9CmtFxeort50gD6cQeto\" data-hovercard=\"\/ajax\/hovercard\/page.php?id=112694668787055&amp;extragetparams=%7B%22__tn__%22%3A%22%2CdK-R-R%22%2C%22eid%22%3A%22ARAzGeqdAkiIYh8aeUmUcaE5Uhl-uknk_4ytV2pU0eIR3GCPejjRAT8p9ugpqDj8dYC9DvFgWtfrUlCo%22%2C%22fref%22%3A%22mentions%22%7D\" data-hovercard-prefer-more-content-show=\"1\">UTalca<\/a>\u00a0hace un an\u00e1lisis al respecto.<\/p>\n","protected":false},"excerpt":{"rendered":"<p>La pandemia ha transformado la ciudad, una de estas consecuencias es la instauraci\u00f3n del teletrabajo\u00a0\ud83d\udc69\u200d\ud83d\udcbb\ud83d\udc68\u200d\ud83d\udcbb\u00a0\u00bfqu\u00e9 podr\u00eda pasar a futuro? Andr\u00e9s Maraga\u00f1o, acad\u00e9mico Escuela de Arquitectura\u00a0UTalca\u00a0hace un an\u00e1lisis al respecto.<\/p>\n","protected":false},"author":1,"featured_media":6113,"comment_status":"closed","ping_status":"open","sticky":false,"template":"","format":"video","meta":{"om_disable_all_campaigns":false,"_monsterinsights_skip_tracking":false,"_monsterinsights_sitenote_active":false,"_monsterinsights_sitenote_note":"","_monsterinsights_sitenote_category":0,"footnotes":""},"categories":[1099,1326,1154,1334],"tags":[1078,1630,1103,1407,1729,70],"class_list":["post-6112","post","type-post","status-publish","format-video","has-post-thumbnail","hentry","category-comprometidos-con-la-comunidad","category-coronavirus","category-expertos-utalca","category-quedate-en-casa","tag-arquitectura-utalca","tag-ciudad","tag-comprometidos-con-la-comunidad","tag-teletrabajo","tag-transformacion","tag-utalca","post_format-post-format-video","slider-tags-capsulas","slider-tags-slider"],"aioseo_notices":[],"_links":{"self":[{"href":"https:\/\/tv.utalca.cl\/index.php?rest_route=\/wp\/v2\/posts\/6112","targetHints":{"allow":["GET"]}}],"collection":[{"href":"https:\/\/tv.utalca.cl\/index.php?rest_route=\/wp\/v2\/posts"}],"about":[{"href":"https:\/\/tv.utalca.cl\/index.php?rest_route=\/wp\/v2\/types\/post"}],"author":[{"embeddable":true,"href":"https:\/\/tv.utalca.cl\/index.php?rest_route=\/wp\/v2\/users\/1"}],"replies":[{"embeddable":true,"href":"https:\/\/tv.utalca.cl\/index.php?rest_route=%2Fwp%2Fv2%2Fcomments&post=6112"}],"version-history":[{"count":1,"href":"https:\/\/tv.utalca.cl\/index.php?rest_route=\/wp\/v2\/posts\/6112\/revisions"}],"predecessor-version":[{"id":6114,"href":"https:\/\/tv.utalca.cl\/index.php?rest_route=\/wp\/v2\/posts\/6112\/revisions\/6114"}],"wp:featuredmedia":[{"embeddable":true,"href":"https:\/\/tv.utalca.cl\/index.php?rest_route=\/wp\/v2\/media\/6113"}],"wp:attachment":[{"href":"https:\/\/tv.utalca.cl\/index.php?rest_route=%2Fwp%2Fv2%2Fmedia&parent=6112"}],"wp:term":[{"taxonomy":"category","embeddable":true,"href":"https:\/\/tv.utalca.cl\/index.php?rest_route=%2Fwp%2Fv2%2Fcategories&post=6112"},{"taxonomy":"post_tag","embeddable":true,"href":"https:\/\/tv.utalca.cl\/index.php?rest_route=%2Fwp%2Fv2%2Ftags&post=6112"}],"curies":[{"name":"wp","href":"https:\/\/api.w.org\/{rel}","templated":true}]}}