{"id":6190,"date":"2020-06-09T14:11:20","date_gmt":"2020-06-09T14:11:20","guid":{"rendered":"https:\/\/tv.utalca.cl\/?p=6190"},"modified":"2025-04-11T13:13:31","modified_gmt":"2025-04-11T17:13:31","slug":"telerrehabilitacion-gratuita-para-personas-con-secuelas-de-covid-19","status":"publish","type":"post","link":"https:\/\/tv.utalca.cl\/?p=6190","title":{"rendered":"Telerrehabilitaci\u00f3n gratuita para personas con secuelas de Covid-19"},"content":{"rendered":"<p>La Cl\u00ednica de Fonoaudiolog\u00eda de la UTalca realizar\u00e1 telerrehabilitaci\u00f3n gratuita a aquellas personas que tienen secuelas luego de ser intubadas producto del Covid-19. Nos explica Claudia Montoya, directora de la Cl\u00ednica de Fonoaudiolog\u00eda UTalca.<\/p>\n","protected":false},"excerpt":{"rendered":"<p>La Cl\u00ednica de Fonoaudiolog\u00eda de la UTalca realizar\u00e1 telerrehabilitaci\u00f3n gratuita a aquellas personas que tienen secuelas luego de ser intubadas producto del Covid-19. Nos explica Claudia Montoya, directora de la Cl\u00ednica de Fonoaudiolog\u00eda UTalca.<\/p>\n","protected":false},"author":1,"featured_media":6191,"comment_status":"closed","ping_status":"open","sticky":false,"template":"","format":"video","meta":{"om_disable_all_campaigns":false,"_monsterinsights_skip_tracking":false,"_monsterinsights_sitenote_active":false,"_monsterinsights_sitenote_note":"","_monsterinsights_sitenote_category":0,"footnotes":""},"categories":[1099,1326,1154,1334],"tags":[465,1267,1680,119,1755,1312,1754,70],"class_list":["post-6190","post","type-post","status-publish","format-video","has-post-thumbnail","hentry","category-comprometidos-con-la-comunidad","category-coronavirus","category-expertos-utalca","category-quedate-en-casa","tag-clinicas-fonoaudiologicas","tag-coronavirus","tag-covid-19","tag-fonoaudiologia","tag-pacientes","tag-pandemia","tag-secuelas","tag-utalca","post_format-post-format-video","slider-tags-capsulas","slider-tags-slider"],"aioseo_notices":[],"_links":{"self":[{"href":"https:\/\/tv.utalca.cl\/index.php?rest_route=\/wp\/v2\/posts\/6190","targetHints":{"allow":["GET"]}}],"collection":[{"href":"https:\/\/tv.utalca.cl\/index.php?rest_route=\/wp\/v2\/posts"}],"about":[{"href":"https:\/\/tv.utalca.cl\/index.php?rest_route=\/wp\/v2\/types\/post"}],"author":[{"embeddable":true,"href":"https:\/\/tv.utalca.cl\/index.php?rest_route=\/wp\/v2\/users\/1"}],"replies":[{"embeddable":true,"href":"https:\/\/tv.utalca.cl\/index.php?rest_route=%2Fwp%2Fv2%2Fcomments&post=6190"}],"version-history":[{"count":1,"href":"https:\/\/tv.utalca.cl\/index.php?rest_route=\/wp\/v2\/posts\/6190\/revisions"}],"predecessor-version":[{"id":6192,"href":"https:\/\/tv.utalca.cl\/index.php?rest_route=\/wp\/v2\/posts\/6190\/revisions\/6192"}],"wp:featuredmedia":[{"embeddable":true,"href":"https:\/\/tv.utalca.cl\/index.php?rest_route=\/wp\/v2\/media\/6191"}],"wp:attachment":[{"href":"https:\/\/tv.utalca.cl\/index.php?rest_route=%2Fwp%2Fv2%2Fmedia&parent=6190"}],"wp:term":[{"taxonomy":"category","embeddable":true,"href":"https:\/\/tv.utalca.cl\/index.php?rest_route=%2Fwp%2Fv2%2Fcategories&post=6190"},{"taxonomy":"post_tag","embeddable":true,"href":"https:\/\/tv.utalca.cl\/index.php?rest_route=%2Fwp%2Fv2%2Ftags&post=6190"}],"curies":[{"name":"wp","href":"https:\/\/api.w.org\/{rel}","templated":true}]}}