{"id":6207,"date":"2020-06-10T13:38:59","date_gmt":"2020-06-10T13:38:59","guid":{"rendered":"https:\/\/tv.utalca.cl\/?p=6207"},"modified":"2025-04-11T13:13:32","modified_gmt":"2025-04-11T17:13:32","slug":"dialogos-politicos-peru-y-covid-19","status":"publish","type":"post","link":"https:\/\/tv.utalca.cl\/?p=6207","title":{"rendered":"Di\u00e1logos Pol\u00edticos: Per\u00fa y Covid-19"},"content":{"rendered":"<p>Paulo Hildago, acad\u00e9mico de la Facultad de Ciencias Jur\u00eddicas y Sociales UTalca conversa con Nicol\u00e1s Lynch, doctor en sociolog\u00eda, sobre la situaci\u00f3n en Per\u00fa debido a la pandemia.<\/p>\n","protected":false},"excerpt":{"rendered":"<p>Paulo Hildago, acad\u00e9mico de la Facultad de Ciencias Jur\u00eddicas y Sociales UTalca conversa con Nicol\u00e1s Lynch, doctor en sociolog\u00eda, sobre la situaci\u00f3n en Per\u00fa debido a la pandemia.<\/p>\n","protected":false},"author":1,"featured_media":6208,"comment_status":"closed","ping_status":"open","sticky":false,"template":"","format":"video","meta":{"om_disable_all_campaigns":false,"_monsterinsights_skip_tracking":false,"_monsterinsights_sitenote_active":false,"_monsterinsights_sitenote_note":"","_monsterinsights_sitenote_category":0,"footnotes":""},"categories":[1657,112],"tags":[1267,1680,1471,1622,1658,1312,1491,70],"class_list":["post-6207","post","type-post","status-publish","format-video","has-post-thumbnail","hentry","category-dialogos-politicos","category-programa","tag-coronavirus","tag-covid-19","tag-crisis","tag-crisis-sanitaria","tag-dialogos-politicos","tag-pandemia","tag-peru","tag-utalca","post_format-post-format-video","slider-tags-dialogos-politicos","slider-tags-slider"],"aioseo_notices":[],"_links":{"self":[{"href":"https:\/\/tv.utalca.cl\/index.php?rest_route=\/wp\/v2\/posts\/6207","targetHints":{"allow":["GET"]}}],"collection":[{"href":"https:\/\/tv.utalca.cl\/index.php?rest_route=\/wp\/v2\/posts"}],"about":[{"href":"https:\/\/tv.utalca.cl\/index.php?rest_route=\/wp\/v2\/types\/post"}],"author":[{"embeddable":true,"href":"https:\/\/tv.utalca.cl\/index.php?rest_route=\/wp\/v2\/users\/1"}],"replies":[{"embeddable":true,"href":"https:\/\/tv.utalca.cl\/index.php?rest_route=%2Fwp%2Fv2%2Fcomments&post=6207"}],"version-history":[{"count":1,"href":"https:\/\/tv.utalca.cl\/index.php?rest_route=\/wp\/v2\/posts\/6207\/revisions"}],"predecessor-version":[{"id":6209,"href":"https:\/\/tv.utalca.cl\/index.php?rest_route=\/wp\/v2\/posts\/6207\/revisions\/6209"}],"wp:featuredmedia":[{"embeddable":true,"href":"https:\/\/tv.utalca.cl\/index.php?rest_route=\/wp\/v2\/media\/6208"}],"wp:attachment":[{"href":"https:\/\/tv.utalca.cl\/index.php?rest_route=%2Fwp%2Fv2%2Fmedia&parent=6207"}],"wp:term":[{"taxonomy":"category","embeddable":true,"href":"https:\/\/tv.utalca.cl\/index.php?rest_route=%2Fwp%2Fv2%2Fcategories&post=6207"},{"taxonomy":"post_tag","embeddable":true,"href":"https:\/\/tv.utalca.cl\/index.php?rest_route=%2Fwp%2Fv2%2Ftags&post=6207"}],"curies":[{"name":"wp","href":"https:\/\/api.w.org\/{rel}","templated":true}]}}