{"id":6224,"date":"2020-06-12T09:00:04","date_gmt":"2020-06-12T13:00:04","guid":{"rendered":"https:\/\/tv.utalca.cl\/?p=6224"},"modified":"2025-04-11T13:13:32","modified_gmt":"2025-04-11T17:13:32","slug":"dia-mundial-contra-el-trabajo-infantil","status":"publish","type":"post","link":"https:\/\/tv.utalca.cl\/?p=6224","title":{"rendered":"D\u00eda Mundial Contra el Trabajo Infantil"},"content":{"rendered":"<p>Hoy es el D\u00eda Mundial Contra el Trabajo Infantil. Alrededor de 219 mil ni\u00f1os, ni\u00f1as y adolescentes trabajan en Chile. Nos explica Isaac Ravetllat, director Centro de Estudios de Derechos de la Infancia y Adolescencia (Cedia) UTalca.<\/p>\n","protected":false},"excerpt":{"rendered":"<p>Hoy es el D\u00eda Mundial Contra el Trabajo Infantil. Alrededor de 219 mil ni\u00f1os, ni\u00f1as y adolescentes trabajan en Chile. Nos explica Isaac Ravetllat, director Centro de Estudios de Derechos de la Infancia y Adolescencia (Cedia) UTalca.<\/p>\n","protected":false},"author":1,"featured_media":6225,"comment_status":"closed","ping_status":"open","sticky":false,"template":"","format":"video","meta":{"om_disable_all_campaigns":false,"_monsterinsights_skip_tracking":false,"_monsterinsights_sitenote_active":false,"_monsterinsights_sitenote_note":"","_monsterinsights_sitenote_category":0,"footnotes":""},"categories":[1099,1326,1154,1334],"tags":[1113,1165,824,186,303,70],"class_list":["post-6224","post","type-post","status-publish","format-video","has-post-thumbnail","hentry","category-comprometidos-con-la-comunidad","category-coronavirus","category-expertos-utalca","category-quedate-en-casa","tag-adolescentes","tag-cedia-utalca","tag-dia-contra-el-trabajo-infantil","tag-ninas","tag-ninos","tag-utalca","post_format-post-format-video","slider-tags-capsulas","slider-tags-slider"],"aioseo_notices":[],"_links":{"self":[{"href":"https:\/\/tv.utalca.cl\/index.php?rest_route=\/wp\/v2\/posts\/6224","targetHints":{"allow":["GET"]}}],"collection":[{"href":"https:\/\/tv.utalca.cl\/index.php?rest_route=\/wp\/v2\/posts"}],"about":[{"href":"https:\/\/tv.utalca.cl\/index.php?rest_route=\/wp\/v2\/types\/post"}],"author":[{"embeddable":true,"href":"https:\/\/tv.utalca.cl\/index.php?rest_route=\/wp\/v2\/users\/1"}],"replies":[{"embeddable":true,"href":"https:\/\/tv.utalca.cl\/index.php?rest_route=%2Fwp%2Fv2%2Fcomments&post=6224"}],"version-history":[{"count":1,"href":"https:\/\/tv.utalca.cl\/index.php?rest_route=\/wp\/v2\/posts\/6224\/revisions"}],"predecessor-version":[{"id":6226,"href":"https:\/\/tv.utalca.cl\/index.php?rest_route=\/wp\/v2\/posts\/6224\/revisions\/6226"}],"wp:featuredmedia":[{"embeddable":true,"href":"https:\/\/tv.utalca.cl\/index.php?rest_route=\/wp\/v2\/media\/6225"}],"wp:attachment":[{"href":"https:\/\/tv.utalca.cl\/index.php?rest_route=%2Fwp%2Fv2%2Fmedia&parent=6224"}],"wp:term":[{"taxonomy":"category","embeddable":true,"href":"https:\/\/tv.utalca.cl\/index.php?rest_route=%2Fwp%2Fv2%2Fcategories&post=6224"},{"taxonomy":"post_tag","embeddable":true,"href":"https:\/\/tv.utalca.cl\/index.php?rest_route=%2Fwp%2Fv2%2Ftags&post=6224"}],"curies":[{"name":"wp","href":"https:\/\/api.w.org\/{rel}","templated":true}]}}