{"id":6238,"date":"2020-06-15T13:02:06","date_gmt":"2020-06-15T17:02:06","guid":{"rendered":"https:\/\/tv.utalca.cl\/?p=6238"},"modified":"2025-04-11T13:13:33","modified_gmt":"2025-04-11T17:13:33","slug":"disminucion-de-contagio-de-persona-a-persona","status":"publish","type":"post","link":"https:\/\/tv.utalca.cl\/?p=6238","title":{"rendered":"Disminuci\u00f3n de contagio de persona a persona"},"content":{"rendered":"<p>La revista m\u00e9dica inglesa The Lancet lanz\u00f3 un paper donde se midi\u00f3 el distanciamiento f\u00edsico, m\u00e1scaras faciales y protecci\u00f3n ocular para prevenir el contagio de persona a persona del Covid-19. Su hallazgo revela que estas medidas pueden disminuir la probabilidad. Nos explica Daniel Jim\u00e9nez, director Salud del Estudiante UTalca.<\/p>\n","protected":false},"excerpt":{"rendered":"<p>La revista m\u00e9dica inglesa The Lancet lanz\u00f3 un paper donde se midi\u00f3 el distanciamiento f\u00edsico, m\u00e1scaras faciales y protecci\u00f3n ocular para prevenir el contagio de persona a persona del Covid-19. Su hallazgo revela que estas medidas pueden disminuir la probabilidad. Nos explica Daniel Jim\u00e9nez, director Salud del Estudiante UTalca.<\/p>\n","protected":false},"author":1,"featured_media":6239,"comment_status":"closed","ping_status":"open","sticky":false,"template":"","format":"video","meta":{"om_disable_all_campaigns":false,"_monsterinsights_skip_tracking":false,"_monsterinsights_sitenote_active":false,"_monsterinsights_sitenote_note":"","_monsterinsights_sitenote_category":0,"footnotes":""},"categories":[1099,1326,1154,112],"tags":[1349,1267,1680,1559,1465,1775,1774,1542,1773,1372,70],"class_list":["post-6238","post","type-post","status-publish","format-video","has-post-thumbnail","hentry","category-comprometidos-con-la-comunidad","category-coronavirus","category-expertos-utalca","category-programa","tag-contagio","tag-coronavirus","tag-covid-19","tag-direccion-de-salud","tag-mascarillas","tag-oculares","tag-persona-a-persona","tag-protectores-faciales","tag-salud-del-estudiante","tag-sars-cov2","tag-utalca","post_format-post-format-video","slider-tags-capsulas","slider-tags-slider"],"aioseo_notices":[],"_links":{"self":[{"href":"https:\/\/tv.utalca.cl\/index.php?rest_route=\/wp\/v2\/posts\/6238","targetHints":{"allow":["GET"]}}],"collection":[{"href":"https:\/\/tv.utalca.cl\/index.php?rest_route=\/wp\/v2\/posts"}],"about":[{"href":"https:\/\/tv.utalca.cl\/index.php?rest_route=\/wp\/v2\/types\/post"}],"author":[{"embeddable":true,"href":"https:\/\/tv.utalca.cl\/index.php?rest_route=\/wp\/v2\/users\/1"}],"replies":[{"embeddable":true,"href":"https:\/\/tv.utalca.cl\/index.php?rest_route=%2Fwp%2Fv2%2Fcomments&post=6238"}],"version-history":[{"count":1,"href":"https:\/\/tv.utalca.cl\/index.php?rest_route=\/wp\/v2\/posts\/6238\/revisions"}],"predecessor-version":[{"id":6240,"href":"https:\/\/tv.utalca.cl\/index.php?rest_route=\/wp\/v2\/posts\/6238\/revisions\/6240"}],"wp:featuredmedia":[{"embeddable":true,"href":"https:\/\/tv.utalca.cl\/index.php?rest_route=\/wp\/v2\/media\/6239"}],"wp:attachment":[{"href":"https:\/\/tv.utalca.cl\/index.php?rest_route=%2Fwp%2Fv2%2Fmedia&parent=6238"}],"wp:term":[{"taxonomy":"category","embeddable":true,"href":"https:\/\/tv.utalca.cl\/index.php?rest_route=%2Fwp%2Fv2%2Fcategories&post=6238"},{"taxonomy":"post_tag","embeddable":true,"href":"https:\/\/tv.utalca.cl\/index.php?rest_route=%2Fwp%2Fv2%2Ftags&post=6238"}],"curies":[{"name":"wp","href":"https:\/\/api.w.org\/{rel}","templated":true}]}}