{"id":6256,"date":"2020-06-15T13:28:04","date_gmt":"2020-06-15T17:28:04","guid":{"rendered":"https:\/\/tv.utalca.cl\/?p=6256"},"modified":"2025-04-11T13:13:34","modified_gmt":"2025-04-11T17:13:34","slug":"este-miercoles-es-el-estreno-de-utalcapresenta-conciertos-desde-casa","status":"publish","type":"post","link":"https:\/\/tv.utalca.cl\/?p=6256","title":{"rendered":"Este mi\u00e9rcoles es el estreno de UTalcaPresenta: Conciertos desde Casa"},"content":{"rendered":"<p>&#8220;Queremos invitarlos especialmente a que tomen la m\u00fasica para ayudarse, para acompa\u00f1arse en estos tiempos dif\u00edciles&#8221;, Paula Elgueta, directora Coro de la\u00a0<a class=\"profileLink\" href=\"https:\/\/www.facebook.com\/utalca\/?__tn__=K-R&amp;eid=ARAGHtx5B9QobU3Rsk1-31whE9v-k9WzFohI67d0cigYO3XXVp7oST8sRdKD_5pRiBQReJy9O4x0VwOz&amp;fref=mentions&amp;__xts__%5B0%5D=68.ARDO3And0BRP7RsKtWLNnS_NEsVTZMwyFSQ4Vt7PRudlSHf7kVhYoGiy_3uyxSWAjBj-eLTv5xZ45xplacoiAIGJrzMklZhUrfKaYayss8ZWlzRKd7pY2iCs5ucsnvkAnpjA4LXrm03TS-LClfAi0oTZ8IU1AaEk7RSJjlDSW95BnDqypDOjqMzW4mlK3ozPYZyPz1c0mJBy0VSi7cxM0cSxSCEaU46U76UJtvrt7MI6ts4CgdI6ukc9dH5CWq8I9lGi_RoWb091n5bCYRJVZt6YsKosIocefd7X__hmS2NL3nWVgmDHjwKE8zA-JN0kcwNI-_AvtreBubTEFLtfG3QdJRFLLkQTfKg\" data-hovercard=\"\/ajax\/hovercard\/page.php?id=112694668787055&amp;extragetparams=%7B%22__tn__%22%3A%22%2CdK-R-R%22%2C%22eid%22%3A%22ARAGHtx5B9QobU3Rsk1-31whE9v-k9WzFohI67d0cigYO3XXVp7oST8sRdKD_5pRiBQReJy9O4x0VwOz%22%2C%22fref%22%3A%22mentions%22%7D\" data-hovercard-prefer-more-content-show=\"1\">Universidad de Talca<\/a>.<\/p>\n","protected":false},"excerpt":{"rendered":"<p>&#8220;Queremos invitarlos especialmente a que tomen la m\u00fasica para ayudarse, para acompa\u00f1arse en estos tiempos dif\u00edciles&#8221;, Paula Elgueta, directora Coro de la\u00a0Universidad de Talca.<\/p>\n","protected":false},"author":1,"featured_media":6257,"comment_status":"closed","ping_status":"open","sticky":false,"template":"","format":"video","meta":{"om_disable_all_campaigns":false,"_monsterinsights_skip_tracking":false,"_monsterinsights_sitenote_active":false,"_monsterinsights_sitenote_note":"","_monsterinsights_sitenote_category":0,"footnotes":""},"categories":[1790,112,1082],"tags":[1762,1324,1085,70,1083],"class_list":["post-6256","post","type-post","status-publish","format-video","has-post-thumbnail","hentry","category-conciertos-desde-casa","category-programa","category-utalca-presenta","tag-conciertos-desde-casa","tag-cuarentena","tag-escuela-de-musica-utalca","tag-utalca","tag-utalca-presenta","post_format-post-format-video","slider-tags-slider","slider-tags-utalca-presenta"],"aioseo_notices":[],"_links":{"self":[{"href":"https:\/\/tv.utalca.cl\/index.php?rest_route=\/wp\/v2\/posts\/6256","targetHints":{"allow":["GET"]}}],"collection":[{"href":"https:\/\/tv.utalca.cl\/index.php?rest_route=\/wp\/v2\/posts"}],"about":[{"href":"https:\/\/tv.utalca.cl\/index.php?rest_route=\/wp\/v2\/types\/post"}],"author":[{"embeddable":true,"href":"https:\/\/tv.utalca.cl\/index.php?rest_route=\/wp\/v2\/users\/1"}],"replies":[{"embeddable":true,"href":"https:\/\/tv.utalca.cl\/index.php?rest_route=%2Fwp%2Fv2%2Fcomments&post=6256"}],"version-history":[{"count":1,"href":"https:\/\/tv.utalca.cl\/index.php?rest_route=\/wp\/v2\/posts\/6256\/revisions"}],"predecessor-version":[{"id":6258,"href":"https:\/\/tv.utalca.cl\/index.php?rest_route=\/wp\/v2\/posts\/6256\/revisions\/6258"}],"wp:featuredmedia":[{"embeddable":true,"href":"https:\/\/tv.utalca.cl\/index.php?rest_route=\/wp\/v2\/media\/6257"}],"wp:attachment":[{"href":"https:\/\/tv.utalca.cl\/index.php?rest_route=%2Fwp%2Fv2%2Fmedia&parent=6256"}],"wp:term":[{"taxonomy":"category","embeddable":true,"href":"https:\/\/tv.utalca.cl\/index.php?rest_route=%2Fwp%2Fv2%2Fcategories&post=6256"},{"taxonomy":"post_tag","embeddable":true,"href":"https:\/\/tv.utalca.cl\/index.php?rest_route=%2Fwp%2Fv2%2Ftags&post=6256"}],"curies":[{"name":"wp","href":"https:\/\/api.w.org\/{rel}","templated":true}]}}