{"id":6290,"date":"2020-06-16T18:11:32","date_gmt":"2020-06-16T22:11:32","guid":{"rendered":"https:\/\/tv.utalca.cl\/?p=6290"},"modified":"2025-04-11T13:13:34","modified_gmt":"2025-04-11T17:13:34","slug":"utalca-sustentable-empresas-b-y-economia-circular","status":"publish","type":"post","link":"https:\/\/tv.utalca.cl\/?p=6290","title":{"rendered":"UTalca Sustentable: Empresas B y Econom\u00eda Circular"},"content":{"rendered":"<p>Conseguir una certificaci\u00f3n que aborda lo econ\u00f3mico, social y ambiental es clave en estos tiempos, por eso en este cap\u00edtulo desarrollamos estos temas junto a Indira Cichy, directora de Comunidades de Sistema B y Rodolfo Poblete, CEO Colombia y gerente comercial corporativo de Triciclos.<\/p>\n","protected":false},"excerpt":{"rendered":"<p>Conseguir una certificaci\u00f3n que aborda lo econ\u00f3mico, social y ambiental es clave en estos tiempos, por eso en este cap\u00edtulo desarrollamos estos temas junto a Indira Cichy, directora de Comunidades de Sistema B y Rodolfo Poblete, CEO Colombia y gerente comercial corporativo de Triciclos.<\/p>\n","protected":false},"author":1,"featured_media":6291,"comment_status":"closed","ping_status":"open","sticky":false,"template":"","format":"video","meta":{"om_disable_all_campaigns":false,"_monsterinsights_skip_tracking":false,"_monsterinsights_sitenote_active":false,"_monsterinsights_sitenote_note":"","_monsterinsights_sitenote_category":0,"footnotes":""},"categories":[112,1612],"tags":[1792,1791,279,70,285],"class_list":["post-6290","post","type-post","status-publish","format-video","has-post-thumbnail","hentry","category-programa","category-utalca-sustentable","tag-economia-circular","tag-empresas-b","tag-sustentabilidad","tag-utalca","tag-utalca-sustentable","post_format-post-format-video","slider-tags-slider","slider-tags-utalca-sustentable"],"aioseo_notices":[],"_links":{"self":[{"href":"https:\/\/tv.utalca.cl\/index.php?rest_route=\/wp\/v2\/posts\/6290","targetHints":{"allow":["GET"]}}],"collection":[{"href":"https:\/\/tv.utalca.cl\/index.php?rest_route=\/wp\/v2\/posts"}],"about":[{"href":"https:\/\/tv.utalca.cl\/index.php?rest_route=\/wp\/v2\/types\/post"}],"author":[{"embeddable":true,"href":"https:\/\/tv.utalca.cl\/index.php?rest_route=\/wp\/v2\/users\/1"}],"replies":[{"embeddable":true,"href":"https:\/\/tv.utalca.cl\/index.php?rest_route=%2Fwp%2Fv2%2Fcomments&post=6290"}],"version-history":[{"count":1,"href":"https:\/\/tv.utalca.cl\/index.php?rest_route=\/wp\/v2\/posts\/6290\/revisions"}],"predecessor-version":[{"id":6292,"href":"https:\/\/tv.utalca.cl\/index.php?rest_route=\/wp\/v2\/posts\/6290\/revisions\/6292"}],"wp:featuredmedia":[{"embeddable":true,"href":"https:\/\/tv.utalca.cl\/index.php?rest_route=\/wp\/v2\/media\/6291"}],"wp:attachment":[{"href":"https:\/\/tv.utalca.cl\/index.php?rest_route=%2Fwp%2Fv2%2Fmedia&parent=6290"}],"wp:term":[{"taxonomy":"category","embeddable":true,"href":"https:\/\/tv.utalca.cl\/index.php?rest_route=%2Fwp%2Fv2%2Fcategories&post=6290"},{"taxonomy":"post_tag","embeddable":true,"href":"https:\/\/tv.utalca.cl\/index.php?rest_route=%2Fwp%2Fv2%2Ftags&post=6290"}],"curies":[{"name":"wp","href":"https:\/\/api.w.org\/{rel}","templated":true}]}}