{"id":6295,"date":"2020-06-17T09:39:57","date_gmt":"2020-06-17T13:39:57","guid":{"rendered":"https:\/\/tv.utalca.cl\/?p=6295"},"modified":"2025-04-11T13:13:34","modified_gmt":"2025-04-11T17:13:34","slug":"actuales-sistemas-frontales-y-futuro-precipitaciones","status":"publish","type":"post","link":"https:\/\/tv.utalca.cl\/?p=6295","title":{"rendered":"Actuales sistemas frontales y futuro precipitaciones"},"content":{"rendered":"<p>Se estima que en julio deber\u00edan decaer las precipitaciones. &#8220;Los actuales sistemas frontales que han afectado a la zona centro norte y centro sur de nuestro pa\u00eds lamentablemente no han tenido la intensidad que se hab\u00eda manifestado en un inicio&#8221;, nos explica Patricio Gonz\u00e1lez, agroclimat\u00f3logo Citra UTalca.<\/p>\n","protected":false},"excerpt":{"rendered":"<p>Se estima que en julio deber\u00edan decaer las precipitaciones. &#8220;Los actuales sistemas frontales que han afectado a la zona centro norte y centro sur de nuestro pa\u00eds lamentablemente no han tenido la intensidad que se hab\u00eda manifestado en un inicio&#8221;, nos explica Patricio Gonz\u00e1lez, agroclimat\u00f3logo Citra UTalca.<\/p>\n","protected":false},"author":1,"featured_media":6296,"comment_status":"closed","ping_status":"open","sticky":false,"template":"","format":"video","meta":{"om_disable_all_campaigns":false,"_monsterinsights_skip_tracking":false,"_monsterinsights_sitenote_active":false,"_monsterinsights_sitenote_note":"","_monsterinsights_sitenote_category":0,"footnotes":""},"categories":[1099,1326,1154,112],"tags":[268,603,1103,1793,936,1795,1794,934,604,70],"class_list":["post-6295","post","type-post","status-publish","format-video","has-post-thumbnail","hentry","category-comprometidos-con-la-comunidad","category-coronavirus","category-expertos-utalca","category-programa","tag-agroclimatologia","tag-clima","tag-comprometidos-con-la-comunidad","tag-fenomeno-de-la-nina","tag-lluvia","tag-megaseguia","tag-precipitaciones","tag-sequia","tag-tiempo","tag-utalca","post_format-post-format-video","slider-tags-capsulas","slider-tags-slider"],"aioseo_notices":[],"_links":{"self":[{"href":"https:\/\/tv.utalca.cl\/index.php?rest_route=\/wp\/v2\/posts\/6295","targetHints":{"allow":["GET"]}}],"collection":[{"href":"https:\/\/tv.utalca.cl\/index.php?rest_route=\/wp\/v2\/posts"}],"about":[{"href":"https:\/\/tv.utalca.cl\/index.php?rest_route=\/wp\/v2\/types\/post"}],"author":[{"embeddable":true,"href":"https:\/\/tv.utalca.cl\/index.php?rest_route=\/wp\/v2\/users\/1"}],"replies":[{"embeddable":true,"href":"https:\/\/tv.utalca.cl\/index.php?rest_route=%2Fwp%2Fv2%2Fcomments&post=6295"}],"version-history":[{"count":1,"href":"https:\/\/tv.utalca.cl\/index.php?rest_route=\/wp\/v2\/posts\/6295\/revisions"}],"predecessor-version":[{"id":6297,"href":"https:\/\/tv.utalca.cl\/index.php?rest_route=\/wp\/v2\/posts\/6295\/revisions\/6297"}],"wp:featuredmedia":[{"embeddable":true,"href":"https:\/\/tv.utalca.cl\/index.php?rest_route=\/wp\/v2\/media\/6296"}],"wp:attachment":[{"href":"https:\/\/tv.utalca.cl\/index.php?rest_route=%2Fwp%2Fv2%2Fmedia&parent=6295"}],"wp:term":[{"taxonomy":"category","embeddable":true,"href":"https:\/\/tv.utalca.cl\/index.php?rest_route=%2Fwp%2Fv2%2Fcategories&post=6295"},{"taxonomy":"post_tag","embeddable":true,"href":"https:\/\/tv.utalca.cl\/index.php?rest_route=%2Fwp%2Fv2%2Ftags&post=6295"}],"curies":[{"name":"wp","href":"https:\/\/api.w.org\/{rel}","templated":true}]}}