{"id":6319,"date":"2020-06-18T17:18:14","date_gmt":"2020-06-18T21:18:14","guid":{"rendered":"https:\/\/tv.utalca.cl\/?p=6319"},"modified":"2025-04-11T13:13:35","modified_gmt":"2025-04-11T17:13:35","slug":"este-viernes-comienza-la-cuarentena-en-curico","status":"publish","type":"post","link":"https:\/\/tv.utalca.cl\/?p=6319","title":{"rendered":"Este viernes comienza la cuarentena en Curic\u00f3"},"content":{"rendered":"<p>Curic\u00f3 es la primera comuna de la Regi\u00f3n del Maule en entrar en cuarentena, esta comienza el viernes 19 de junio a las 22 horas \u00bfqu\u00e9 implica esta medida? Nos explica Daniel Jim\u00e9nez, director de Salud del Estudiante UTalca y mag\u00edster en Salud P\u00fablica con Menci\u00f3n Epidemiolog\u00eda.<\/p>\n","protected":false},"excerpt":{"rendered":"<p>Curic\u00f3 es la primera comuna de la Regi\u00f3n del Maule en entrar en cuarentena, esta comienza el viernes 19 de junio a las 22 horas \u00bfqu\u00e9 implica esta medida? Nos explica Daniel Jim\u00e9nez, director de Salud del Estudiante UTalca y mag\u00edster en Salud P\u00fablica con Menci\u00f3n Epidemiolog\u00eda.<\/p>\n","protected":false},"author":1,"featured_media":6320,"comment_status":"closed","ping_status":"open","sticky":false,"template":"","format":"video","meta":{"om_disable_all_campaigns":false,"_monsterinsights_skip_tracking":false,"_monsterinsights_sitenote_active":false,"_monsterinsights_sitenote_note":"","_monsterinsights_sitenote_category":0,"footnotes":""},"categories":[1099,1326,1154,1334],"tags":[1349,1267,1680,1324,113,1559,1560,241,70],"class_list":["post-6319","post","type-post","status-publish","format-video","has-post-thumbnail","hentry","category-comprometidos-con-la-comunidad","category-coronavirus","category-expertos-utalca","category-quedate-en-casa","tag-contagio","tag-coronavirus","tag-covid-19","tag-cuarentena","tag-curico","tag-direccion-de-salud","tag-epidemiologia","tag-maule","tag-utalca","post_format-post-format-video","slider-tags-capsulas","slider-tags-slider"],"aioseo_notices":[],"_links":{"self":[{"href":"https:\/\/tv.utalca.cl\/index.php?rest_route=\/wp\/v2\/posts\/6319","targetHints":{"allow":["GET"]}}],"collection":[{"href":"https:\/\/tv.utalca.cl\/index.php?rest_route=\/wp\/v2\/posts"}],"about":[{"href":"https:\/\/tv.utalca.cl\/index.php?rest_route=\/wp\/v2\/types\/post"}],"author":[{"embeddable":true,"href":"https:\/\/tv.utalca.cl\/index.php?rest_route=\/wp\/v2\/users\/1"}],"replies":[{"embeddable":true,"href":"https:\/\/tv.utalca.cl\/index.php?rest_route=%2Fwp%2Fv2%2Fcomments&post=6319"}],"version-history":[{"count":1,"href":"https:\/\/tv.utalca.cl\/index.php?rest_route=\/wp\/v2\/posts\/6319\/revisions"}],"predecessor-version":[{"id":6321,"href":"https:\/\/tv.utalca.cl\/index.php?rest_route=\/wp\/v2\/posts\/6319\/revisions\/6321"}],"wp:featuredmedia":[{"embeddable":true,"href":"https:\/\/tv.utalca.cl\/index.php?rest_route=\/wp\/v2\/media\/6320"}],"wp:attachment":[{"href":"https:\/\/tv.utalca.cl\/index.php?rest_route=%2Fwp%2Fv2%2Fmedia&parent=6319"}],"wp:term":[{"taxonomy":"category","embeddable":true,"href":"https:\/\/tv.utalca.cl\/index.php?rest_route=%2Fwp%2Fv2%2Fcategories&post=6319"},{"taxonomy":"post_tag","embeddable":true,"href":"https:\/\/tv.utalca.cl\/index.php?rest_route=%2Fwp%2Fv2%2Ftags&post=6319"}],"curies":[{"name":"wp","href":"https:\/\/api.w.org\/{rel}","templated":true}]}}