{"id":6322,"date":"2020-06-18T21:00:55","date_gmt":"2020-06-19T01:00:55","guid":{"rendered":"https:\/\/tv.utalca.cl\/?p=6322"},"modified":"2025-04-11T13:13:35","modified_gmt":"2025-04-11T17:13:35","slug":"proyecto-de-ley-busca-incrementar-sanciones-para-quienes-incumplan-medidas-sanitarias","status":"publish","type":"post","link":"https:\/\/tv.utalca.cl\/?p=6322","title":{"rendered":"Proyecto de ley busca incrementar sanciones para quienes incumplan medidas sanitarias"},"content":{"rendered":"<p>&#8220;Los infractores que hoy se exponen a una pena m\u00e1xima de 540 d\u00edas, arriesgar\u00e1n hasta 5 a\u00f1os de presidio&#8221;, nos explica Diego Palomo, acad\u00e9mico y jefe \u00e1rea derecho procesal <a class=\"vk-MessageMention sc-iZtWsl iyojFS\" href=\"https:\/\/www.facebook.com\/1426550820766902\" target=\"_blank\" rel=\"noopener\">Facultad de Ciencias Jur\u00eddicas y Sociales Universidad de Talca<\/a>.<\/p>\n","protected":false},"excerpt":{"rendered":"<p>&#8220;Los infractores que hoy se exponen a una pena m\u00e1xima de 540 d\u00edas, arriesgar\u00e1n hasta 5 a\u00f1os de presidio&#8221;, nos explica Diego Palomo, acad\u00e9mico y jefe \u00e1rea derecho procesal Facultad de Ciencias Jur\u00eddicas y Sociales Universidad de Talca.<\/p>\n","protected":false},"author":1,"featured_media":6323,"comment_status":"closed","ping_status":"open","sticky":false,"template":"","format":"video","meta":{"om_disable_all_campaigns":false,"_monsterinsights_skip_tracking":false,"_monsterinsights_sitenote_active":false,"_monsterinsights_sitenote_note":"","_monsterinsights_sitenote_category":0,"footnotes":""},"categories":[1099,1326,1154,1334],"tags":[1803,320,1804,1801,1802,1800,70],"class_list":["post-6322","post","type-post","status-publish","format-video","has-post-thumbnail","hentry","category-comprometidos-con-la-comunidad","category-coronavirus","category-expertos-utalca","category-quedate-en-casa","tag-aumento","tag-facultad-de-ciencias-juridicas-y-sociales","tag-infractores","tag-normas-sanitarias","tag-presidio","tag-proyecto-de-ley","tag-utalca","post_format-post-format-video","slider-tags-capsulas","slider-tags-slider"],"aioseo_notices":[],"_links":{"self":[{"href":"https:\/\/tv.utalca.cl\/index.php?rest_route=\/wp\/v2\/posts\/6322","targetHints":{"allow":["GET"]}}],"collection":[{"href":"https:\/\/tv.utalca.cl\/index.php?rest_route=\/wp\/v2\/posts"}],"about":[{"href":"https:\/\/tv.utalca.cl\/index.php?rest_route=\/wp\/v2\/types\/post"}],"author":[{"embeddable":true,"href":"https:\/\/tv.utalca.cl\/index.php?rest_route=\/wp\/v2\/users\/1"}],"replies":[{"embeddable":true,"href":"https:\/\/tv.utalca.cl\/index.php?rest_route=%2Fwp%2Fv2%2Fcomments&post=6322"}],"version-history":[{"count":1,"href":"https:\/\/tv.utalca.cl\/index.php?rest_route=\/wp\/v2\/posts\/6322\/revisions"}],"predecessor-version":[{"id":6324,"href":"https:\/\/tv.utalca.cl\/index.php?rest_route=\/wp\/v2\/posts\/6322\/revisions\/6324"}],"wp:featuredmedia":[{"embeddable":true,"href":"https:\/\/tv.utalca.cl\/index.php?rest_route=\/wp\/v2\/media\/6323"}],"wp:attachment":[{"href":"https:\/\/tv.utalca.cl\/index.php?rest_route=%2Fwp%2Fv2%2Fmedia&parent=6322"}],"wp:term":[{"taxonomy":"category","embeddable":true,"href":"https:\/\/tv.utalca.cl\/index.php?rest_route=%2Fwp%2Fv2%2Fcategories&post=6322"},{"taxonomy":"post_tag","embeddable":true,"href":"https:\/\/tv.utalca.cl\/index.php?rest_route=%2Fwp%2Fv2%2Ftags&post=6322"}],"curies":[{"name":"wp","href":"https:\/\/api.w.org\/{rel}","templated":true}]}}