{"id":6328,"date":"2020-06-19T18:00:21","date_gmt":"2020-06-19T22:00:21","guid":{"rendered":"https:\/\/tv.utalca.cl\/?p=6328"},"modified":"2025-04-11T13:13:35","modified_gmt":"2025-04-11T17:13:35","slug":"como-saber-si-desarrollo-de-lenguaje-es-tardio-en-un-nino","status":"publish","type":"post","link":"https:\/\/tv.utalca.cl\/?p=6328","title":{"rendered":"\u00bfC\u00f3mo saber si desarrollo de lenguaje es tard\u00edo en un ni\u00f1o?"},"content":{"rendered":"<p>Los ni\u00f1os alrededor de los 12 meses dicen sus primeras palabras, entre los 16 y 22 meses van ampliando su vocabulario y aproximadamente a los 18 meses van combinando las palabras en peque\u00f1as frases.Nos aconseja Jos\u00e9 Sazo, acad\u00e9mico Depto. de Ciencias de la Fonoaudiolog\u00eda UTalca.<\/p>\n","protected":false},"excerpt":{"rendered":"<p>Los ni\u00f1os alrededor de los 12 meses dicen sus primeras palabras, entre los 16 y 22 meses van ampliando su vocabulario y aproximadamente a los 18 meses van combinando las palabras en peque\u00f1as frases.Nos aconseja Jos\u00e9 Sazo, acad\u00e9mico Depto. de Ciencias de la Fonoaudiolog\u00eda UTalca.<\/p>\n","protected":false},"author":1,"featured_media":6329,"comment_status":"closed","ping_status":"open","sticky":false,"template":"","format":"video","meta":{"om_disable_all_campaigns":false,"_monsterinsights_skip_tracking":false,"_monsterinsights_sitenote_active":false,"_monsterinsights_sitenote_note":"","_monsterinsights_sitenote_category":0,"footnotes":""},"categories":[1099,1326,1154,1334],"tags":[1782,1807,593,1553,1806,186,303,1808,70],"class_list":["post-6328","post","type-post","status-publish","format-video","has-post-thumbnail","hentry","category-comprometidos-con-la-comunidad","category-coronavirus","category-expertos-utalca","category-quedate-en-casa","tag-ciencias-de-la-salud","tag-desarrollo","tag-fonoaudiologia-utalca","tag-lenguaje","tag-menguaje","tag-ninas","tag-ninos","tag-tardio","tag-utalca","post_format-post-format-video","slider-tags-capsulas","slider-tags-slider"],"aioseo_notices":[],"_links":{"self":[{"href":"https:\/\/tv.utalca.cl\/index.php?rest_route=\/wp\/v2\/posts\/6328","targetHints":{"allow":["GET"]}}],"collection":[{"href":"https:\/\/tv.utalca.cl\/index.php?rest_route=\/wp\/v2\/posts"}],"about":[{"href":"https:\/\/tv.utalca.cl\/index.php?rest_route=\/wp\/v2\/types\/post"}],"author":[{"embeddable":true,"href":"https:\/\/tv.utalca.cl\/index.php?rest_route=\/wp\/v2\/users\/1"}],"replies":[{"embeddable":true,"href":"https:\/\/tv.utalca.cl\/index.php?rest_route=%2Fwp%2Fv2%2Fcomments&post=6328"}],"version-history":[{"count":1,"href":"https:\/\/tv.utalca.cl\/index.php?rest_route=\/wp\/v2\/posts\/6328\/revisions"}],"predecessor-version":[{"id":6330,"href":"https:\/\/tv.utalca.cl\/index.php?rest_route=\/wp\/v2\/posts\/6328\/revisions\/6330"}],"wp:featuredmedia":[{"embeddable":true,"href":"https:\/\/tv.utalca.cl\/index.php?rest_route=\/wp\/v2\/media\/6329"}],"wp:attachment":[{"href":"https:\/\/tv.utalca.cl\/index.php?rest_route=%2Fwp%2Fv2%2Fmedia&parent=6328"}],"wp:term":[{"taxonomy":"category","embeddable":true,"href":"https:\/\/tv.utalca.cl\/index.php?rest_route=%2Fwp%2Fv2%2Fcategories&post=6328"},{"taxonomy":"post_tag","embeddable":true,"href":"https:\/\/tv.utalca.cl\/index.php?rest_route=%2Fwp%2Fv2%2Ftags&post=6328"}],"curies":[{"name":"wp","href":"https:\/\/api.w.org\/{rel}","templated":true}]}}