{"id":6331,"date":"2020-06-19T21:00:06","date_gmt":"2020-06-20T01:00:06","guid":{"rendered":"https:\/\/tv.utalca.cl\/?p=6331"},"modified":"2025-04-11T13:13:35","modified_gmt":"2025-04-11T17:13:35","slug":"se-parte-de-la-5ta-gala-de-aniversario-de-la-tuna-utalca","status":"publish","type":"post","link":"https:\/\/tv.utalca.cl\/?p=6331","title":{"rendered":"\u00a1Se parte de la 5ta Gala de aniversario de la Tuna UTalca!"},"content":{"rendered":"<p>Se realizar\u00e1 desde el 26 al 29 de junio, ac\u00e1 participaran tunas y estudiantinas del pa\u00eds e internacionales.<br \/>\nPuedes verlo en Facebook: <a href=\"https:\/\/www.facebook.com\/TunaUtalca\/\">Tuna de la Universidad de Talca<\/a><br \/>\nNos invita Felipe Ubilla, integrante Tuna de la UTalca<\/p>\n<p>&nbsp;<\/p>\n","protected":false},"excerpt":{"rendered":"<p>Se realizar\u00e1 desde el 26 al 29 de junio, ac\u00e1 participaran tunas y estudiantinas del pa\u00eds e internacionales. Puedes verlo en Facebook: Tuna de la Universidad de Talca Nos invita Felipe Ubilla, integrante Tuna de la UTalca &nbsp;<\/p>\n","protected":false},"author":1,"featured_media":6332,"comment_status":"closed","ping_status":"open","sticky":false,"template":"","format":"video","meta":{"om_disable_all_campaigns":false,"_monsterinsights_skip_tracking":false,"_monsterinsights_sitenote_active":false,"_monsterinsights_sitenote_note":"","_monsterinsights_sitenote_category":0,"footnotes":""},"categories":[1099,1334],"tags":[1810,1812,131,1809,1811,79,70],"class_list":["post-6331","post","type-post","status-publish","format-video","has-post-thumbnail","hentry","category-comprometidos-con-la-comunidad","category-quedate-en-casa","tag-estudiantinas","tag-gala-tuna","tag-musica","tag-tuna","tag-tuna-utalca","tag-universidad-de-talca","tag-utalca","post_format-post-format-video","slider-tags-capsulas","slider-tags-slider"],"aioseo_notices":[],"_links":{"self":[{"href":"https:\/\/tv.utalca.cl\/index.php?rest_route=\/wp\/v2\/posts\/6331","targetHints":{"allow":["GET"]}}],"collection":[{"href":"https:\/\/tv.utalca.cl\/index.php?rest_route=\/wp\/v2\/posts"}],"about":[{"href":"https:\/\/tv.utalca.cl\/index.php?rest_route=\/wp\/v2\/types\/post"}],"author":[{"embeddable":true,"href":"https:\/\/tv.utalca.cl\/index.php?rest_route=\/wp\/v2\/users\/1"}],"replies":[{"embeddable":true,"href":"https:\/\/tv.utalca.cl\/index.php?rest_route=%2Fwp%2Fv2%2Fcomments&post=6331"}],"version-history":[{"count":1,"href":"https:\/\/tv.utalca.cl\/index.php?rest_route=\/wp\/v2\/posts\/6331\/revisions"}],"predecessor-version":[{"id":6333,"href":"https:\/\/tv.utalca.cl\/index.php?rest_route=\/wp\/v2\/posts\/6331\/revisions\/6333"}],"wp:featuredmedia":[{"embeddable":true,"href":"https:\/\/tv.utalca.cl\/index.php?rest_route=\/wp\/v2\/media\/6332"}],"wp:attachment":[{"href":"https:\/\/tv.utalca.cl\/index.php?rest_route=%2Fwp%2Fv2%2Fmedia&parent=6331"}],"wp:term":[{"taxonomy":"category","embeddable":true,"href":"https:\/\/tv.utalca.cl\/index.php?rest_route=%2Fwp%2Fv2%2Fcategories&post=6331"},{"taxonomy":"post_tag","embeddable":true,"href":"https:\/\/tv.utalca.cl\/index.php?rest_route=%2Fwp%2Fv2%2Ftags&post=6331"}],"curies":[{"name":"wp","href":"https:\/\/api.w.org\/{rel}","templated":true}]}}