{"id":6434,"date":"2020-06-25T18:15:46","date_gmt":"2020-06-25T22:15:46","guid":{"rendered":"https:\/\/tv.utalca.cl\/?p=6434"},"modified":"2025-04-11T13:13:37","modified_gmt":"2025-04-11T17:13:37","slug":"presencia-de-cumulunimbus-en-llico","status":"publish","type":"post","link":"https:\/\/tv.utalca.cl\/?p=6434","title":{"rendered":"Presencia de cumulunimbus en Llico"},"content":{"rendered":"<p>&#8220;La presencia de un sistema frontal fr\u00edo dio origen en la costa de Curic\u00f3 a un potente cumulunimbus&#8221;. Esto hizo que se generaran granizos, tornados y tormentas el\u00e9ctricas. &#8220;Estos fen\u00f3menos se han vuelto m\u00e1s recurrentes producto del cambio clim\u00e1tico y normalmente son muy dif\u00edciles de predecir&#8221;, nos explica Patricio Gonz\u00e1lez, agroclimat\u00f3logo Citra UTalca.<\/p>\n","protected":false},"excerpt":{"rendered":"<p>&#8220;La presencia de un sistema frontal fr\u00edo dio origen en la costa de Curic\u00f3 a un potente cumulunimbus&#8221;. Esto hizo que se generaran granizos, tornados y tormentas el\u00e9ctricas. &#8220;Estos fen\u00f3menos se han vuelto m\u00e1s recurrentes producto del cambio clim\u00e1tico y normalmente son muy dif\u00edciles de predecir&#8221;, nos explica Patricio Gonz\u00e1lez, agroclimat\u00f3logo Citra UTalca.<\/p>\n","protected":false},"author":1,"featured_media":6435,"comment_status":"closed","ping_status":"open","sticky":false,"template":"","format":"video","meta":{"om_disable_all_campaigns":false,"_monsterinsights_skip_tracking":false,"_monsterinsights_sitenote_active":false,"_monsterinsights_sitenote_note":"","_monsterinsights_sitenote_category":0,"footnotes":""},"categories":[1099,1326,1154,1334],"tags":[268,207,1838,1839,241,70],"class_list":["post-6434","post","type-post","status-publish","format-video","has-post-thumbnail","hentry","category-comprometidos-con-la-comunidad","category-coronavirus","category-expertos-utalca","category-quedate-en-casa","tag-agroclimatologia","tag-citra","tag-cumulunimbus","tag-llico","tag-maule","tag-utalca","post_format-post-format-video","slider-tags-capsulas","slider-tags-slider"],"aioseo_notices":[],"_links":{"self":[{"href":"https:\/\/tv.utalca.cl\/index.php?rest_route=\/wp\/v2\/posts\/6434","targetHints":{"allow":["GET"]}}],"collection":[{"href":"https:\/\/tv.utalca.cl\/index.php?rest_route=\/wp\/v2\/posts"}],"about":[{"href":"https:\/\/tv.utalca.cl\/index.php?rest_route=\/wp\/v2\/types\/post"}],"author":[{"embeddable":true,"href":"https:\/\/tv.utalca.cl\/index.php?rest_route=\/wp\/v2\/users\/1"}],"replies":[{"embeddable":true,"href":"https:\/\/tv.utalca.cl\/index.php?rest_route=%2Fwp%2Fv2%2Fcomments&post=6434"}],"version-history":[{"count":1,"href":"https:\/\/tv.utalca.cl\/index.php?rest_route=\/wp\/v2\/posts\/6434\/revisions"}],"predecessor-version":[{"id":6437,"href":"https:\/\/tv.utalca.cl\/index.php?rest_route=\/wp\/v2\/posts\/6434\/revisions\/6437"}],"wp:featuredmedia":[{"embeddable":true,"href":"https:\/\/tv.utalca.cl\/index.php?rest_route=\/wp\/v2\/media\/6435"}],"wp:attachment":[{"href":"https:\/\/tv.utalca.cl\/index.php?rest_route=%2Fwp%2Fv2%2Fmedia&parent=6434"}],"wp:term":[{"taxonomy":"category","embeddable":true,"href":"https:\/\/tv.utalca.cl\/index.php?rest_route=%2Fwp%2Fv2%2Fcategories&post=6434"},{"taxonomy":"post_tag","embeddable":true,"href":"https:\/\/tv.utalca.cl\/index.php?rest_route=%2Fwp%2Fv2%2Ftags&post=6434"}],"curies":[{"name":"wp","href":"https:\/\/api.w.org\/{rel}","templated":true}]}}