{"id":6441,"date":"2020-06-26T10:18:21","date_gmt":"2020-06-26T14:18:21","guid":{"rendered":"https:\/\/tv.utalca.cl\/?p=6441"},"modified":"2025-04-11T13:13:37","modified_gmt":"2025-04-11T17:13:37","slug":"como-nos-afecta-la-exposicion-a-ruidos-por-periodos-prolongados","status":"publish","type":"post","link":"https:\/\/tv.utalca.cl\/?p=6441","title":{"rendered":"\u00bfC\u00f3mo nos afecta la exposici\u00f3n a ruidos por periodos prolongados?"},"content":{"rendered":"<p>\u00bfCu\u00e1les son las profesiones que est\u00e1n m\u00e1s expuestas a estos sonidos? Nos explica Marifel Anzalone, acad\u00e9mica Departamento de Ciencias de la Fonoaudiolog\u00eda UTalca.<\/p>\n","protected":false},"excerpt":{"rendered":"<p>\u00bfCu\u00e1les son las profesiones que est\u00e1n m\u00e1s expuestas a estos sonidos? Nos explica Marifel Anzalone, acad\u00e9mica Departamento de Ciencias de la Fonoaudiolog\u00eda UTalca.<\/p>\n","protected":false},"author":1,"featured_media":6442,"comment_status":"closed","ping_status":"open","sticky":false,"template":"","format":"video","meta":{"om_disable_all_campaigns":false,"_monsterinsights_skip_tracking":false,"_monsterinsights_sitenote_active":false,"_monsterinsights_sitenote_note":"","_monsterinsights_sitenote_category":0,"footnotes":""},"categories":[1099,1326,1154,1334],"tags":[1217,593,261,1840,1842],"class_list":["post-6441","post","type-post","status-publish","format-video","has-post-thumbnail","hentry","category-comprometidos-con-la-comunidad","category-coronavirus","category-expertos-utalca","category-quedate-en-casa","tag-cuidados","tag-fonoaudiologia-utalca","tag-prevencion","tag-ruidos","tag-sonidos","post_format-post-format-video","slider-tags-capsulas","slider-tags-slider"],"aioseo_notices":[],"_links":{"self":[{"href":"https:\/\/tv.utalca.cl\/index.php?rest_route=\/wp\/v2\/posts\/6441","targetHints":{"allow":["GET"]}}],"collection":[{"href":"https:\/\/tv.utalca.cl\/index.php?rest_route=\/wp\/v2\/posts"}],"about":[{"href":"https:\/\/tv.utalca.cl\/index.php?rest_route=\/wp\/v2\/types\/post"}],"author":[{"embeddable":true,"href":"https:\/\/tv.utalca.cl\/index.php?rest_route=\/wp\/v2\/users\/1"}],"replies":[{"embeddable":true,"href":"https:\/\/tv.utalca.cl\/index.php?rest_route=%2Fwp%2Fv2%2Fcomments&post=6441"}],"version-history":[{"count":1,"href":"https:\/\/tv.utalca.cl\/index.php?rest_route=\/wp\/v2\/posts\/6441\/revisions"}],"predecessor-version":[{"id":6444,"href":"https:\/\/tv.utalca.cl\/index.php?rest_route=\/wp\/v2\/posts\/6441\/revisions\/6444"}],"wp:featuredmedia":[{"embeddable":true,"href":"https:\/\/tv.utalca.cl\/index.php?rest_route=\/wp\/v2\/media\/6442"}],"wp:attachment":[{"href":"https:\/\/tv.utalca.cl\/index.php?rest_route=%2Fwp%2Fv2%2Fmedia&parent=6441"}],"wp:term":[{"taxonomy":"category","embeddable":true,"href":"https:\/\/tv.utalca.cl\/index.php?rest_route=%2Fwp%2Fv2%2Fcategories&post=6441"},{"taxonomy":"post_tag","embeddable":true,"href":"https:\/\/tv.utalca.cl\/index.php?rest_route=%2Fwp%2Fv2%2Ftags&post=6441"}],"curies":[{"name":"wp","href":"https:\/\/api.w.org\/{rel}","templated":true}]}}