{"id":6468,"date":"2020-06-30T10:11:23","date_gmt":"2020-06-30T14:11:23","guid":{"rendered":"https:\/\/tv.utalca.cl\/?p=6468"},"modified":"2025-04-11T13:13:38","modified_gmt":"2025-04-11T17:13:38","slug":"que-son-los-determinantes-sociales-de-la-salud","status":"publish","type":"post","link":"https:\/\/tv.utalca.cl\/?p=6468","title":{"rendered":"\u00bfQu\u00e9 son los determinantes sociales de la salud?"},"content":{"rendered":"<p>\u00bfCu\u00e1l es su importancia? &#8220;Depende de d\u00f3nde vivo, la calidad de salud que tengo&#8221;, nos explica la antrop\u00f3loga Giselle Davis, acad\u00e9mica Depto. de Salud P\u00fablica UTalca.<\/p>\n","protected":false},"excerpt":{"rendered":"<p>\u00bfCu\u00e1l es su importancia? &#8220;Depende de d\u00f3nde vivo, la calidad de salud que tengo&#8221;, nos explica la antrop\u00f3loga Giselle Davis, acad\u00e9mica Depto. de Salud P\u00fablica UTalca.<\/p>\n","protected":false},"author":1,"featured_media":6478,"comment_status":"closed","ping_status":"open","sticky":false,"template":"","format":"video","meta":{"om_disable_all_campaigns":false,"_monsterinsights_skip_tracking":false,"_monsterinsights_sitenote_active":false,"_monsterinsights_sitenote_note":"","_monsterinsights_sitenote_category":0,"footnotes":""},"categories":[1099,1326,1154,1334],"tags":[1598,1103,1680,1324,322,1847,70],"class_list":["post-6468","post","type-post","status-publish","format-video","has-post-thumbnail","hentry","category-comprometidos-con-la-comunidad","category-coronavirus","category-expertos-utalca","category-quedate-en-casa","tag-antropologia","tag-comprometidos-con-la-comunidad","tag-covid-19","tag-cuarentena","tag-departamento-de-salud-publica-utalca","tag-determinantes-sociales","tag-utalca","post_format-post-format-video","slider-tags-capsulas","slider-tags-slider"],"aioseo_notices":[],"_links":{"self":[{"href":"https:\/\/tv.utalca.cl\/index.php?rest_route=\/wp\/v2\/posts\/6468","targetHints":{"allow":["GET"]}}],"collection":[{"href":"https:\/\/tv.utalca.cl\/index.php?rest_route=\/wp\/v2\/posts"}],"about":[{"href":"https:\/\/tv.utalca.cl\/index.php?rest_route=\/wp\/v2\/types\/post"}],"author":[{"embeddable":true,"href":"https:\/\/tv.utalca.cl\/index.php?rest_route=\/wp\/v2\/users\/1"}],"replies":[{"embeddable":true,"href":"https:\/\/tv.utalca.cl\/index.php?rest_route=%2Fwp%2Fv2%2Fcomments&post=6468"}],"version-history":[{"count":1,"href":"https:\/\/tv.utalca.cl\/index.php?rest_route=\/wp\/v2\/posts\/6468\/revisions"}],"predecessor-version":[{"id":6480,"href":"https:\/\/tv.utalca.cl\/index.php?rest_route=\/wp\/v2\/posts\/6468\/revisions\/6480"}],"wp:featuredmedia":[{"embeddable":true,"href":"https:\/\/tv.utalca.cl\/index.php?rest_route=\/wp\/v2\/media\/6478"}],"wp:attachment":[{"href":"https:\/\/tv.utalca.cl\/index.php?rest_route=%2Fwp%2Fv2%2Fmedia&parent=6468"}],"wp:term":[{"taxonomy":"category","embeddable":true,"href":"https:\/\/tv.utalca.cl\/index.php?rest_route=%2Fwp%2Fv2%2Fcategories&post=6468"},{"taxonomy":"post_tag","embeddable":true,"href":"https:\/\/tv.utalca.cl\/index.php?rest_route=%2Fwp%2Fv2%2Ftags&post=6468"}],"curies":[{"name":"wp","href":"https:\/\/api.w.org\/{rel}","templated":true}]}}