{"id":6493,"date":"2020-06-30T11:26:08","date_gmt":"2020-06-30T15:26:08","guid":{"rendered":"https:\/\/tv.utalca.cl\/?p=6493"},"modified":"2025-06-02T08:35:51","modified_gmt":"2025-06-02T12:35:51","slug":"mas-conocimiento-online-envejecimiento-cerebral-y-fragilidad-del-adulto-mayor","status":"publish","type":"post","link":"https:\/\/tv.utalca.cl\/?p=6493","title":{"rendered":"M\u00e1s Conocimiento Online: Envejecimiento cerebral y fragilidad del adulto mayor"},"content":{"rendered":"<p>Pablo Mu\u00f1oz, doctor en ciencias, acad\u00e9mico U. de Valpara\u00edso y Nelson Mc Ardle, Mag\u00edster en gerontolog\u00eda Cl\u00ednica, acad\u00e9mico U. de Magallanes son los invitados a este cap\u00edtulo de M\u00e1s Conocimiento.<\/p>\n","protected":false},"excerpt":{"rendered":"<p>Pablo Mu\u00f1oz, doctor en ciencias, acad\u00e9mico U. de Valpara\u00edso y Nelson Mc Ardle, Mag\u00edster en gerontolog\u00eda Cl\u00ednica, acad\u00e9mico U. de Magallanes son los invitados a este cap\u00edtulo de M\u00e1s Conocimiento.<\/p>\n","protected":false},"author":1,"featured_media":6494,"comment_status":"closed","ping_status":"open","sticky":false,"template":"","format":"video","meta":{"om_disable_all_campaigns":false,"_monsterinsights_skip_tracking":false,"_monsterinsights_sitenote_active":false,"_monsterinsights_sitenote_note":"","_monsterinsights_sitenote_category":0,"footnotes":""},"categories":[297,112],"tags":[68,1324,350,299,1618,1336,70],"class_list":["post-6493","post","type-post","status-publish","format-video","has-post-thumbnail","hentry","category-mas-conocimiento","category-programa","tag-adultos-mayores","tag-cuarentena","tag-envejecimiento","tag-mas-conocimiento","tag-online","tag-quedate-en-casa","tag-utalca","post_format-post-format-video","slider-tags-mas-conocimiento","slider-tags-slider"],"aioseo_notices":[],"_links":{"self":[{"href":"https:\/\/tv.utalca.cl\/index.php?rest_route=\/wp\/v2\/posts\/6493","targetHints":{"allow":["GET"]}}],"collection":[{"href":"https:\/\/tv.utalca.cl\/index.php?rest_route=\/wp\/v2\/posts"}],"about":[{"href":"https:\/\/tv.utalca.cl\/index.php?rest_route=\/wp\/v2\/types\/post"}],"author":[{"embeddable":true,"href":"https:\/\/tv.utalca.cl\/index.php?rest_route=\/wp\/v2\/users\/1"}],"replies":[{"embeddable":true,"href":"https:\/\/tv.utalca.cl\/index.php?rest_route=%2Fwp%2Fv2%2Fcomments&post=6493"}],"version-history":[{"count":1,"href":"https:\/\/tv.utalca.cl\/index.php?rest_route=\/wp\/v2\/posts\/6493\/revisions"}],"predecessor-version":[{"id":6495,"href":"https:\/\/tv.utalca.cl\/index.php?rest_route=\/wp\/v2\/posts\/6493\/revisions\/6495"}],"wp:featuredmedia":[{"embeddable":true,"href":"https:\/\/tv.utalca.cl\/index.php?rest_route=\/wp\/v2\/media\/6494"}],"wp:attachment":[{"href":"https:\/\/tv.utalca.cl\/index.php?rest_route=%2Fwp%2Fv2%2Fmedia&parent=6493"}],"wp:term":[{"taxonomy":"category","embeddable":true,"href":"https:\/\/tv.utalca.cl\/index.php?rest_route=%2Fwp%2Fv2%2Fcategories&post=6493"},{"taxonomy":"post_tag","embeddable":true,"href":"https:\/\/tv.utalca.cl\/index.php?rest_route=%2Fwp%2Fv2%2Ftags&post=6493"}],"curies":[{"name":"wp","href":"https:\/\/api.w.org\/{rel}","templated":true}]}}