{"id":6566,"date":"2020-07-03T14:08:26","date_gmt":"2020-07-03T18:08:26","guid":{"rendered":"https:\/\/tv.utalca.cl\/?p=6566"},"modified":"2025-04-11T13:05:01","modified_gmt":"2025-04-11T17:05:01","slug":"utalca-sustentable-educacion-para-la-sustentabilidad","status":"publish","type":"post","link":"https:\/\/tv.utalca.cl\/?p=6566","title":{"rendered":"UTalca Sustentable: Educaci\u00f3n para la sustentabilidad"},"content":{"rendered":"<p>El cuidado por el medio ambiente es clave en la formaci\u00f3n de ni\u00f1os y j\u00f3venes, un tema que se trabaja de diversas y novedosas formas en distintos establecimientos. Lo conversamos con Exequiel Co\u00f1oman, profesor y finalista del Premio Global Teacher Prize Chile y Ana Mar\u00eda Morales, encargada Depto. Educaci\u00f3n Ambiental Seremi del Medio Ambiente del Maule.<\/p>\n","protected":false},"excerpt":{"rendered":"<p>El cuidado por el medio ambiente es clave en la formaci\u00f3n de ni\u00f1os y j\u00f3venes, un tema que se trabaja de diversas y novedosas formas en distintos establecimientos. Lo conversamos con Exequiel Co\u00f1oman, profesor y finalista del Premio Global Teacher Prize Chile y Ana Mar\u00eda Morales, encargada Depto. Educaci\u00f3n Ambiental Seremi del Medio Ambiente del [&hellip;]<\/p>\n","protected":false},"author":1,"featured_media":6567,"comment_status":"closed","ping_status":"open","sticky":false,"template":"","format":"video","meta":{"om_disable_all_campaigns":false,"_monsterinsights_skip_tracking":false,"_monsterinsights_sitenote_active":false,"_monsterinsights_sitenote_note":"","_monsterinsights_sitenote_category":0,"footnotes":""},"categories":[112,1612],"tags":[85,1870,225,285],"class_list":["post-6566","post","type-post","status-publish","format-video","has-post-thumbnail","hentry","category-programa","category-utalca-sustentable","tag-educacion","tag-global-teacher-prize","tag-san-javier","tag-utalca-sustentable","post_format-post-format-video","slider-tags-slider","slider-tags-utalca-sustentable"],"aioseo_notices":[],"_links":{"self":[{"href":"https:\/\/tv.utalca.cl\/index.php?rest_route=\/wp\/v2\/posts\/6566","targetHints":{"allow":["GET"]}}],"collection":[{"href":"https:\/\/tv.utalca.cl\/index.php?rest_route=\/wp\/v2\/posts"}],"about":[{"href":"https:\/\/tv.utalca.cl\/index.php?rest_route=\/wp\/v2\/types\/post"}],"author":[{"embeddable":true,"href":"https:\/\/tv.utalca.cl\/index.php?rest_route=\/wp\/v2\/users\/1"}],"replies":[{"embeddable":true,"href":"https:\/\/tv.utalca.cl\/index.php?rest_route=%2Fwp%2Fv2%2Fcomments&post=6566"}],"version-history":[{"count":1,"href":"https:\/\/tv.utalca.cl\/index.php?rest_route=\/wp\/v2\/posts\/6566\/revisions"}],"predecessor-version":[{"id":6571,"href":"https:\/\/tv.utalca.cl\/index.php?rest_route=\/wp\/v2\/posts\/6566\/revisions\/6571"}],"wp:featuredmedia":[{"embeddable":true,"href":"https:\/\/tv.utalca.cl\/index.php?rest_route=\/wp\/v2\/media\/6567"}],"wp:attachment":[{"href":"https:\/\/tv.utalca.cl\/index.php?rest_route=%2Fwp%2Fv2%2Fmedia&parent=6566"}],"wp:term":[{"taxonomy":"category","embeddable":true,"href":"https:\/\/tv.utalca.cl\/index.php?rest_route=%2Fwp%2Fv2%2Fcategories&post=6566"},{"taxonomy":"post_tag","embeddable":true,"href":"https:\/\/tv.utalca.cl\/index.php?rest_route=%2Fwp%2Fv2%2Ftags&post=6566"}],"curies":[{"name":"wp","href":"https:\/\/api.w.org\/{rel}","templated":true}]}}