{"id":6575,"date":"2020-07-04T11:00:26","date_gmt":"2020-07-04T15:00:26","guid":{"rendered":"https:\/\/tv.utalca.cl\/?p=6575"},"modified":"2025-04-11T13:05:01","modified_gmt":"2025-04-11T17:05:01","slug":"que-considera-el-nuevo-sistema-de-admision","status":"publish","type":"post","link":"https:\/\/tv.utalca.cl\/?p=6575","title":{"rendered":"\u00bfQu\u00e9 considera el nuevo sistema de admisi\u00f3n?"},"content":{"rendered":"<p>Nos explica Tania Mascar\u00f3, encargada de Programas Educativos Daes UTalca.<br \/>\nM\u00e1s informaci\u00f3n en las charlas que se desarrollar\u00e1n el 7,9 y 13 de julio.<br \/>\nInscripciones en: https:\/\/tinyurl.com\/y7yemkck<\/p>\n","protected":false},"excerpt":{"rendered":"<p>Nos explica Tania Mascar\u00f3, encargada de Programas Educativos Daes UTalca. M\u00e1s informaci\u00f3n en las charlas que se desarrollar\u00e1n el 7,9 y 13 de julio. Inscripciones en: https:\/\/tinyurl.com\/y7yemkck<\/p>\n","protected":false},"author":1,"featured_media":6577,"comment_status":"closed","ping_status":"open","sticky":false,"template":"","format":"video","meta":{"om_disable_all_campaigns":false,"_monsterinsights_skip_tracking":false,"_monsterinsights_sitenote_active":false,"_monsterinsights_sitenote_note":"","_monsterinsights_sitenote_category":0,"footnotes":""},"categories":[1099,1326,1154,1334],"tags":[254,1103,1361,70],"class_list":["post-6575","post","type-post","status-publish","format-video","has-post-thumbnail","hentry","category-comprometidos-con-la-comunidad","category-coronavirus","category-expertos-utalca","category-quedate-en-casa","tag-admision","tag-comprometidos-con-la-comunidad","tag-pace-utalca","tag-utalca","post_format-post-format-video","slider-tags-capsulas","slider-tags-slider"],"aioseo_notices":[],"_links":{"self":[{"href":"https:\/\/tv.utalca.cl\/index.php?rest_route=\/wp\/v2\/posts\/6575","targetHints":{"allow":["GET"]}}],"collection":[{"href":"https:\/\/tv.utalca.cl\/index.php?rest_route=\/wp\/v2\/posts"}],"about":[{"href":"https:\/\/tv.utalca.cl\/index.php?rest_route=\/wp\/v2\/types\/post"}],"author":[{"embeddable":true,"href":"https:\/\/tv.utalca.cl\/index.php?rest_route=\/wp\/v2\/users\/1"}],"replies":[{"embeddable":true,"href":"https:\/\/tv.utalca.cl\/index.php?rest_route=%2Fwp%2Fv2%2Fcomments&post=6575"}],"version-history":[{"count":1,"href":"https:\/\/tv.utalca.cl\/index.php?rest_route=\/wp\/v2\/posts\/6575\/revisions"}],"predecessor-version":[{"id":6578,"href":"https:\/\/tv.utalca.cl\/index.php?rest_route=\/wp\/v2\/posts\/6575\/revisions\/6578"}],"wp:featuredmedia":[{"embeddable":true,"href":"https:\/\/tv.utalca.cl\/index.php?rest_route=\/wp\/v2\/media\/6577"}],"wp:attachment":[{"href":"https:\/\/tv.utalca.cl\/index.php?rest_route=%2Fwp%2Fv2%2Fmedia&parent=6575"}],"wp:term":[{"taxonomy":"category","embeddable":true,"href":"https:\/\/tv.utalca.cl\/index.php?rest_route=%2Fwp%2Fv2%2Fcategories&post=6575"},{"taxonomy":"post_tag","embeddable":true,"href":"https:\/\/tv.utalca.cl\/index.php?rest_route=%2Fwp%2Fv2%2Ftags&post=6575"}],"curies":[{"name":"wp","href":"https:\/\/api.w.org\/{rel}","templated":true}]}}