{"id":6585,"date":"2020-07-05T18:00:07","date_gmt":"2020-07-05T22:00:07","guid":{"rendered":"https:\/\/tv.utalca.cl\/?p=6585"},"modified":"2025-04-11T13:05:01","modified_gmt":"2025-04-11T17:05:01","slug":"venta-informal-de-test-rapido-para-covid-19","status":"publish","type":"post","link":"https:\/\/tv.utalca.cl\/?p=6585","title":{"rendered":"Venta informal de test r\u00e1pido para Covid-19"},"content":{"rendered":"<p>&#8220;La realizaci\u00f3n del test r\u00e1pido de Covid-19 si no es realizada por un profesional capacitado no debe ser utilizado como m\u00e9todo de diagn\u00f3stico&#8221;. Nos explica Claudia Araya, acad\u00e9mica Depto. de Bioqu\u00edmica Cl\u00ednica e Inmunohematolog\u00eda UTalca.<\/p>\n","protected":false},"excerpt":{"rendered":"<p>&#8220;La realizaci\u00f3n del test r\u00e1pido de Covid-19 si no es realizada por un profesional capacitado no debe ser utilizado como m\u00e9todo de diagn\u00f3stico&#8221;. Nos explica Claudia Araya, acad\u00e9mica Depto. de Bioqu\u00edmica Cl\u00ednica e Inmunohematolog\u00eda UTalca.<\/p>\n","protected":false},"author":1,"featured_media":6586,"comment_status":"closed","ping_status":"open","sticky":false,"template":"","format":"video","meta":{"om_disable_all_campaigns":false,"_monsterinsights_skip_tracking":false,"_monsterinsights_sitenote_active":false,"_monsterinsights_sitenote_note":"","_monsterinsights_sitenote_category":0,"footnotes":""},"categories":[1099,1326,1154,1334],"tags":[1680,70],"class_list":["post-6585","post","type-post","status-publish","format-video","has-post-thumbnail","hentry","category-comprometidos-con-la-comunidad","category-coronavirus","category-expertos-utalca","category-quedate-en-casa","tag-covid-19","tag-utalca","post_format-post-format-video","slider-tags-capsulas","slider-tags-slider"],"aioseo_notices":[],"_links":{"self":[{"href":"https:\/\/tv.utalca.cl\/index.php?rest_route=\/wp\/v2\/posts\/6585","targetHints":{"allow":["GET"]}}],"collection":[{"href":"https:\/\/tv.utalca.cl\/index.php?rest_route=\/wp\/v2\/posts"}],"about":[{"href":"https:\/\/tv.utalca.cl\/index.php?rest_route=\/wp\/v2\/types\/post"}],"author":[{"embeddable":true,"href":"https:\/\/tv.utalca.cl\/index.php?rest_route=\/wp\/v2\/users\/1"}],"replies":[{"embeddable":true,"href":"https:\/\/tv.utalca.cl\/index.php?rest_route=%2Fwp%2Fv2%2Fcomments&post=6585"}],"version-history":[{"count":1,"href":"https:\/\/tv.utalca.cl\/index.php?rest_route=\/wp\/v2\/posts\/6585\/revisions"}],"predecessor-version":[{"id":6587,"href":"https:\/\/tv.utalca.cl\/index.php?rest_route=\/wp\/v2\/posts\/6585\/revisions\/6587"}],"wp:featuredmedia":[{"embeddable":true,"href":"https:\/\/tv.utalca.cl\/index.php?rest_route=\/wp\/v2\/media\/6586"}],"wp:attachment":[{"href":"https:\/\/tv.utalca.cl\/index.php?rest_route=%2Fwp%2Fv2%2Fmedia&parent=6585"}],"wp:term":[{"taxonomy":"category","embeddable":true,"href":"https:\/\/tv.utalca.cl\/index.php?rest_route=%2Fwp%2Fv2%2Fcategories&post=6585"},{"taxonomy":"post_tag","embeddable":true,"href":"https:\/\/tv.utalca.cl\/index.php?rest_route=%2Fwp%2Fv2%2Ftags&post=6585"}],"curies":[{"name":"wp","href":"https:\/\/api.w.org\/{rel}","templated":true}]}}