{"id":6767,"date":"2020-07-15T10:44:21","date_gmt":"2020-07-15T14:44:21","guid":{"rendered":"https:\/\/tv.utalca.cl\/?p=6767"},"modified":"2025-04-11T13:04:58","modified_gmt":"2025-04-11T17:04:58","slug":"hablemos-de-salud-sintomas-del-trastorno-afectivo-estacional","status":"publish","type":"post","link":"https:\/\/tv.utalca.cl\/?p=6767","title":{"rendered":"Hablemos de Salud: S\u00edntomas del Trastorno Afectivo Estacional"},"content":{"rendered":"<p>El invierno puede afectar emocionalmente a muchas personas. \u00bfpor qu\u00e9 ocurre esto y qu\u00e9 podemos hacer para prevenir? Nos explica Carolina Villagr\u00e1n, psic\u00f3loga cl\u00ednica Centro de Psicolog\u00eda Aplicada (CEPA) UTalca.<\/p>\n","protected":false},"excerpt":{"rendered":"<p>El invierno puede afectar emocionalmente a muchas personas. \u00bfpor qu\u00e9 ocurre esto y qu\u00e9 podemos hacer para prevenir? Nos explica Carolina Villagr\u00e1n, psic\u00f3loga cl\u00ednica Centro de Psicolog\u00eda Aplicada (CEPA) UTalca.<\/p>\n","protected":false},"author":1,"featured_media":6768,"comment_status":"closed","ping_status":"open","sticky":false,"template":"","format":"video","meta":{"om_disable_all_campaigns":false,"_monsterinsights_skip_tracking":false,"_monsterinsights_sitenote_active":false,"_monsterinsights_sitenote_note":"","_monsterinsights_sitenote_category":0,"footnotes":""},"categories":[1527,112],"tags":[1482,1528,692,80,888,1906,70],"class_list":["post-6767","post","type-post","status-publish","format-video","has-post-thumbnail","hentry","category-hablemos-de-salud","category-programa","tag-depresion","tag-hablemos-de-salud","tag-invierno","tag-psicologia","tag-salud-mental","tag-tae","tag-utalca","post_format-post-format-video","slider-tags-hablemos-de-salud","slider-tags-slider"],"aioseo_notices":[],"_links":{"self":[{"href":"https:\/\/tv.utalca.cl\/index.php?rest_route=\/wp\/v2\/posts\/6767","targetHints":{"allow":["GET"]}}],"collection":[{"href":"https:\/\/tv.utalca.cl\/index.php?rest_route=\/wp\/v2\/posts"}],"about":[{"href":"https:\/\/tv.utalca.cl\/index.php?rest_route=\/wp\/v2\/types\/post"}],"author":[{"embeddable":true,"href":"https:\/\/tv.utalca.cl\/index.php?rest_route=\/wp\/v2\/users\/1"}],"replies":[{"embeddable":true,"href":"https:\/\/tv.utalca.cl\/index.php?rest_route=%2Fwp%2Fv2%2Fcomments&post=6767"}],"version-history":[{"count":1,"href":"https:\/\/tv.utalca.cl\/index.php?rest_route=\/wp\/v2\/posts\/6767\/revisions"}],"predecessor-version":[{"id":6770,"href":"https:\/\/tv.utalca.cl\/index.php?rest_route=\/wp\/v2\/posts\/6767\/revisions\/6770"}],"wp:featuredmedia":[{"embeddable":true,"href":"https:\/\/tv.utalca.cl\/index.php?rest_route=\/wp\/v2\/media\/6768"}],"wp:attachment":[{"href":"https:\/\/tv.utalca.cl\/index.php?rest_route=%2Fwp%2Fv2%2Fmedia&parent=6767"}],"wp:term":[{"taxonomy":"category","embeddable":true,"href":"https:\/\/tv.utalca.cl\/index.php?rest_route=%2Fwp%2Fv2%2Fcategories&post=6767"},{"taxonomy":"post_tag","embeddable":true,"href":"https:\/\/tv.utalca.cl\/index.php?rest_route=%2Fwp%2Fv2%2Ftags&post=6767"}],"curies":[{"name":"wp","href":"https:\/\/api.w.org\/{rel}","templated":true}]}}