{"id":7001,"date":"2020-08-01T16:00:52","date_gmt":"2020-08-01T20:00:52","guid":{"rendered":"https:\/\/tv.utalca.cl\/?p=7001"},"modified":"2025-04-11T13:05:38","modified_gmt":"2025-04-11T17:05:38","slug":"que-cuidados-deben-tener-las-personas-con-asma","status":"publish","type":"post","link":"https:\/\/tv.utalca.cl\/?p=7001","title":{"rendered":"\u00bfQu\u00e9 cuidados deben tener las personas con asma?"},"content":{"rendered":"<p>&#8220;Hasta el momento no existe una relaci\u00f3n directa entre la enfermedad Covid-19 y el asma, pero la OMS en sus \u00faltimos reportes la ha categorizado entre las 10 enfermedades principales que se encuentran en los pacientes contagiados&#8221;. \u00bfQu\u00e9 cuidados deben tener las personas con asma?<br \/>\nNos explica Natalia V\u00e9liz, acad\u00e9mica Escuela de Tecnolog\u00eda M\u00e9dica UTalca.<\/p>\n","protected":false},"excerpt":{"rendered":"<p>&#8220;Hasta el momento no existe una relaci\u00f3n directa entre la enfermedad Covid-19 y el asma, pero la OMS en sus \u00faltimos reportes la ha categorizado entre las 10 enfermedades principales que se encuentran en los pacientes contagiados&#8221;. \u00bfQu\u00e9 cuidados deben tener las personas con asma? Nos explica Natalia V\u00e9liz, acad\u00e9mica Escuela de Tecnolog\u00eda M\u00e9dica UTalca.<\/p>\n","protected":false},"author":1,"featured_media":7002,"comment_status":"closed","ping_status":"open","sticky":false,"template":"","format":"video","meta":{"om_disable_all_campaigns":false,"_monsterinsights_skip_tracking":false,"_monsterinsights_sitenote_active":false,"_monsterinsights_sitenote_note":"","_monsterinsights_sitenote_category":0,"footnotes":""},"categories":[1099,1326,1154,1334],"tags":[1577,1103,1267,1680,1217],"class_list":["post-7001","post","type-post","status-publish","format-video","has-post-thumbnail","hentry","category-comprometidos-con-la-comunidad","category-coronavirus","category-expertos-utalca","category-quedate-en-casa","tag-asma","tag-comprometidos-con-la-comunidad","tag-coronavirus","tag-covid-19","tag-cuidados","post_format-post-format-video","slider-tags-capsulas","slider-tags-slider"],"aioseo_notices":[],"_links":{"self":[{"href":"https:\/\/tv.utalca.cl\/index.php?rest_route=\/wp\/v2\/posts\/7001","targetHints":{"allow":["GET"]}}],"collection":[{"href":"https:\/\/tv.utalca.cl\/index.php?rest_route=\/wp\/v2\/posts"}],"about":[{"href":"https:\/\/tv.utalca.cl\/index.php?rest_route=\/wp\/v2\/types\/post"}],"author":[{"embeddable":true,"href":"https:\/\/tv.utalca.cl\/index.php?rest_route=\/wp\/v2\/users\/1"}],"replies":[{"embeddable":true,"href":"https:\/\/tv.utalca.cl\/index.php?rest_route=%2Fwp%2Fv2%2Fcomments&post=7001"}],"version-history":[{"count":1,"href":"https:\/\/tv.utalca.cl\/index.php?rest_route=\/wp\/v2\/posts\/7001\/revisions"}],"predecessor-version":[{"id":7003,"href":"https:\/\/tv.utalca.cl\/index.php?rest_route=\/wp\/v2\/posts\/7001\/revisions\/7003"}],"wp:featuredmedia":[{"embeddable":true,"href":"https:\/\/tv.utalca.cl\/index.php?rest_route=\/wp\/v2\/media\/7002"}],"wp:attachment":[{"href":"https:\/\/tv.utalca.cl\/index.php?rest_route=%2Fwp%2Fv2%2Fmedia&parent=7001"}],"wp:term":[{"taxonomy":"category","embeddable":true,"href":"https:\/\/tv.utalca.cl\/index.php?rest_route=%2Fwp%2Fv2%2Fcategories&post=7001"},{"taxonomy":"post_tag","embeddable":true,"href":"https:\/\/tv.utalca.cl\/index.php?rest_route=%2Fwp%2Fv2%2Ftags&post=7001"}],"curies":[{"name":"wp","href":"https:\/\/api.w.org\/{rel}","templated":true}]}}