{"id":7117,"date":"2020-08-11T18:52:39","date_gmt":"2020-08-11T22:52:39","guid":{"rendered":"https:\/\/tv.utalca.cl\/?p=7117"},"modified":"2025-04-11T13:05:35","modified_gmt":"2025-04-11T17:05:35","slug":"no-te-pierdas-un-nuevo-capitulo-de-utalca-presenta-conciertos-desde-casa-2","status":"publish","type":"post","link":"https:\/\/tv.utalca.cl\/?p=7117","title":{"rendered":"No te pierdas un nuevo cap\u00edtulo de UTalca Presenta: Conciertos desde Casa"},"content":{"rendered":"<p>Esta vez disfrutar\u00e1s de un concierto de viola y viol\u00edn. Nos invita Carola Fredes, acad\u00e9mica Escuela de M\u00fasica UTalca.<\/p>\n","protected":false},"excerpt":{"rendered":"<p>Esta vez disfrutar\u00e1s de un concierto de viola y viol\u00edn. Nos invita Carola Fredes, acad\u00e9mica Escuela de M\u00fasica UTalca.<\/p>\n","protected":false},"author":1,"featured_media":7118,"comment_status":"closed","ping_status":"open","sticky":false,"template":"","format":"video","meta":{"om_disable_all_campaigns":false,"_monsterinsights_skip_tracking":false,"_monsterinsights_sitenote_active":false,"_monsterinsights_sitenote_note":"","_monsterinsights_sitenote_category":0,"footnotes":""},"categories":[387,1082],"tags":[1762,70,1083,1963,1256],"class_list":["post-7117","post","type-post","status-publish","format-video","has-post-thumbnail","hentry","category-capsulas","category-utalca-presenta","tag-conciertos-desde-casa","tag-utalca","tag-utalca-presenta","tag-viola","tag-violin","post_format-post-format-video","slider-tags-capsulas","slider-tags-titular","slider-tags-utalca-presenta"],"aioseo_notices":[],"_links":{"self":[{"href":"https:\/\/tv.utalca.cl\/index.php?rest_route=\/wp\/v2\/posts\/7117","targetHints":{"allow":["GET"]}}],"collection":[{"href":"https:\/\/tv.utalca.cl\/index.php?rest_route=\/wp\/v2\/posts"}],"about":[{"href":"https:\/\/tv.utalca.cl\/index.php?rest_route=\/wp\/v2\/types\/post"}],"author":[{"embeddable":true,"href":"https:\/\/tv.utalca.cl\/index.php?rest_route=\/wp\/v2\/users\/1"}],"replies":[{"embeddable":true,"href":"https:\/\/tv.utalca.cl\/index.php?rest_route=%2Fwp%2Fv2%2Fcomments&post=7117"}],"version-history":[{"count":1,"href":"https:\/\/tv.utalca.cl\/index.php?rest_route=\/wp\/v2\/posts\/7117\/revisions"}],"predecessor-version":[{"id":7121,"href":"https:\/\/tv.utalca.cl\/index.php?rest_route=\/wp\/v2\/posts\/7117\/revisions\/7121"}],"wp:featuredmedia":[{"embeddable":true,"href":"https:\/\/tv.utalca.cl\/index.php?rest_route=\/wp\/v2\/media\/7118"}],"wp:attachment":[{"href":"https:\/\/tv.utalca.cl\/index.php?rest_route=%2Fwp%2Fv2%2Fmedia&parent=7117"}],"wp:term":[{"taxonomy":"category","embeddable":true,"href":"https:\/\/tv.utalca.cl\/index.php?rest_route=%2Fwp%2Fv2%2Fcategories&post=7117"},{"taxonomy":"post_tag","embeddable":true,"href":"https:\/\/tv.utalca.cl\/index.php?rest_route=%2Fwp%2Fv2%2Ftags&post=7117"}],"curies":[{"name":"wp","href":"https:\/\/api.w.org\/{rel}","templated":true}]}}