{"id":7127,"date":"2020-08-12T09:57:37","date_gmt":"2020-08-12T13:57:37","guid":{"rendered":"https:\/\/tv.utalca.cl\/?p=7127"},"modified":"2025-06-02T08:35:49","modified_gmt":"2025-06-02T12:35:49","slug":"mas-conocimiento-internacional-derechos-de-trabajadores-y-discriminacion-laboral-de-adultos-mayores","status":"publish","type":"post","link":"https:\/\/tv.utalca.cl\/?p=7127","title":{"rendered":"M\u00e1s Conocimiento Internacional: Derechos de trabajadores y discriminaci\u00f3n laboral de adultos mayores"},"content":{"rendered":"<p>Fernando Fita, doctor en derecho y acad\u00e9mico de la Universidad de Valencia, Espa\u00f1a nos habla sobre los derechos de los trabajadores de plataformas digitales y tambi\u00e9n sobre la discriminaci\u00f3n laboral de adultos mayores.<\/p>\n","protected":false},"excerpt":{"rendered":"<p>Fernando Fita, doctor en derecho y acad\u00e9mico de la Universidad de Valencia, Espa\u00f1a nos habla sobre los derechos de los trabajadores de plataformas digitales y tambi\u00e9n sobre la discriminaci\u00f3n laboral de adultos mayores.<\/p>\n","protected":false},"author":1,"featured_media":7129,"comment_status":"closed","ping_status":"open","sticky":false,"template":"","format":"video","meta":{"om_disable_all_campaigns":false,"_monsterinsights_skip_tracking":false,"_monsterinsights_sitenote_active":false,"_monsterinsights_sitenote_note":"","_monsterinsights_sitenote_category":0,"footnotes":""},"categories":[297,112],"tags":[1410,1659,1968,299,1496],"class_list":["post-7127","post","type-post","status-publish","format-video","has-post-thumbnail","hentry","category-mas-conocimiento","category-programa","tag-derechos-laborales","tag-espana","tag-internacional","tag-mas-conocimiento","tag-trabajadores","post_format-post-format-video","slider-tags-mas-conocimiento","slider-tags-slider"],"aioseo_notices":[],"_links":{"self":[{"href":"https:\/\/tv.utalca.cl\/index.php?rest_route=\/wp\/v2\/posts\/7127","targetHints":{"allow":["GET"]}}],"collection":[{"href":"https:\/\/tv.utalca.cl\/index.php?rest_route=\/wp\/v2\/posts"}],"about":[{"href":"https:\/\/tv.utalca.cl\/index.php?rest_route=\/wp\/v2\/types\/post"}],"author":[{"embeddable":true,"href":"https:\/\/tv.utalca.cl\/index.php?rest_route=\/wp\/v2\/users\/1"}],"replies":[{"embeddable":true,"href":"https:\/\/tv.utalca.cl\/index.php?rest_route=%2Fwp%2Fv2%2Fcomments&post=7127"}],"version-history":[{"count":1,"href":"https:\/\/tv.utalca.cl\/index.php?rest_route=\/wp\/v2\/posts\/7127\/revisions"}],"predecessor-version":[{"id":7131,"href":"https:\/\/tv.utalca.cl\/index.php?rest_route=\/wp\/v2\/posts\/7127\/revisions\/7131"}],"wp:featuredmedia":[{"embeddable":true,"href":"https:\/\/tv.utalca.cl\/index.php?rest_route=\/wp\/v2\/media\/7129"}],"wp:attachment":[{"href":"https:\/\/tv.utalca.cl\/index.php?rest_route=%2Fwp%2Fv2%2Fmedia&parent=7127"}],"wp:term":[{"taxonomy":"category","embeddable":true,"href":"https:\/\/tv.utalca.cl\/index.php?rest_route=%2Fwp%2Fv2%2Fcategories&post=7127"},{"taxonomy":"post_tag","embeddable":true,"href":"https:\/\/tv.utalca.cl\/index.php?rest_route=%2Fwp%2Fv2%2Ftags&post=7127"}],"curies":[{"name":"wp","href":"https:\/\/api.w.org\/{rel}","templated":true}]}}