{"id":7134,"date":"2020-08-13T12:49:35","date_gmt":"2020-08-13T16:49:35","guid":{"rendered":"https:\/\/tv.utalca.cl\/?p=7134"},"modified":"2025-10-02T10:17:50","modified_gmt":"2025-10-02T13:17:50","slug":"entrevistas-campustv-deficit-de-precipitaciones-y-reactivacion-casco-historico","status":"publish","type":"post","link":"https:\/\/tv.utalca.cl\/?p=7134","title":{"rendered":"Entrevistas CAMPUSTV: D\u00e9ficit de precipitaciones y reactivaci\u00f3n casco hist\u00f3rico"},"content":{"rendered":"<p>Patricio Gonz\u00e1lez, agroclimat\u00f3logo Citra UTalca, es el invitado al primer bloque de Entrevistas en Campustv para hablar sobre los estudios del cambio clim\u00e1tico. Luego, Andr\u00e9s Maraga\u00f1o, acad\u00e9mico Facultad de Arquitectura, M\u00fasica y Dise\u00f1o UTalca se refiere a la importancia del centro de las ciudad y al nuevo espacio c\u00edvico y ciudadano que se quiere desarrollar en el terreno que dejar\u00e1 la C\u00e1rcel de Talca.\u200b<\/p>\n","protected":false},"excerpt":{"rendered":"<p>Patricio Gonz\u00e1lez, agroclimat\u00f3logo Citra UTalca, es el invitado al primer bloque de Entrevistas en Campustv para hablar sobre los estudios del cambio clim\u00e1tico. Luego, Andr\u00e9s Maraga\u00f1o, acad\u00e9mico Facultad de Arquitectura, M\u00fasica y Dise\u00f1o UTalca se refiere a la importancia del centro de las ciudad y al nuevo espacio c\u00edvico y ciudadano que se quiere desarrollar [&hellip;]<\/p>\n","protected":false},"author":1,"featured_media":7144,"comment_status":"closed","ping_status":"open","sticky":false,"template":"","format":"video","meta":{"om_disable_all_campaigns":false,"_monsterinsights_skip_tracking":false,"_monsterinsights_sitenote_active":false,"_monsterinsights_sitenote_note":"","_monsterinsights_sitenote_category":0,"footnotes":""},"categories":[1971,112,2334,1152],"tags":[731,172,1719,2207,241,70],"class_list":["post-7134","post","type-post","status-publish","format-video","has-post-thumbnail","hentry","category-entrevistas-campustv","category-programa","category-videos-corporativos","category-videos-utalca","tag-arquitectura","tag-cambio-climatico","tag-deficit-de-agua","tag-entrevistas-utalcatv","tag-maule","tag-utalca","post_format-post-format-video","slider-tags-entrevistas-campustv","slider-tags-slider"],"aioseo_notices":[],"_links":{"self":[{"href":"https:\/\/tv.utalca.cl\/index.php?rest_route=\/wp\/v2\/posts\/7134","targetHints":{"allow":["GET"]}}],"collection":[{"href":"https:\/\/tv.utalca.cl\/index.php?rest_route=\/wp\/v2\/posts"}],"about":[{"href":"https:\/\/tv.utalca.cl\/index.php?rest_route=\/wp\/v2\/types\/post"}],"author":[{"embeddable":true,"href":"https:\/\/tv.utalca.cl\/index.php?rest_route=\/wp\/v2\/users\/1"}],"replies":[{"embeddable":true,"href":"https:\/\/tv.utalca.cl\/index.php?rest_route=%2Fwp%2Fv2%2Fcomments&post=7134"}],"version-history":[{"count":1,"href":"https:\/\/tv.utalca.cl\/index.php?rest_route=\/wp\/v2\/posts\/7134\/revisions"}],"predecessor-version":[{"id":7143,"href":"https:\/\/tv.utalca.cl\/index.php?rest_route=\/wp\/v2\/posts\/7134\/revisions\/7143"}],"wp:featuredmedia":[{"embeddable":true,"href":"https:\/\/tv.utalca.cl\/index.php?rest_route=\/wp\/v2\/media\/7144"}],"wp:attachment":[{"href":"https:\/\/tv.utalca.cl\/index.php?rest_route=%2Fwp%2Fv2%2Fmedia&parent=7134"}],"wp:term":[{"taxonomy":"category","embeddable":true,"href":"https:\/\/tv.utalca.cl\/index.php?rest_route=%2Fwp%2Fv2%2Fcategories&post=7134"},{"taxonomy":"post_tag","embeddable":true,"href":"https:\/\/tv.utalca.cl\/index.php?rest_route=%2Fwp%2Fv2%2Ftags&post=7134"}],"curies":[{"name":"wp","href":"https:\/\/api.w.org\/{rel}","templated":true}]}}