{"id":7169,"date":"2020-08-19T10:06:35","date_gmt":"2020-08-19T14:06:35","guid":{"rendered":"https:\/\/tv.utalca.cl\/?p=7169"},"modified":"2025-04-11T13:05:34","modified_gmt":"2025-04-11T17:05:34","slug":"utalca-presenta-conciertos-desde-casa-cuarteto-de-cuerdas-las-cuatro-estaciones","status":"publish","type":"post","link":"https:\/\/tv.utalca.cl\/?p=7169","title":{"rendered":"UTalca Presenta: Conciertos desde Casa &#8211; Violeta y V\u00edctor en Cuatro Cuerdas"},"content":{"rendered":"<p>Ciclo &#8220;Mujeres en la M\u00fasica&#8221;<br \/>\nCuarteto: Las Cuatro Estaciones<br \/>\n-Annemarie Orth, Viol\u00edn I<br \/>\n-Montserrat Prieto, Viol\u00edn II<br \/>\n-Mariel Godoy, Viola<br \/>\n-Carla Ser\u00f3n, Violoncello<\/p>\n","protected":false},"excerpt":{"rendered":"<p>Ciclo &#8220;Mujeres en la M\u00fasica&#8221; Cuarteto: Las Cuatro Estaciones -Annemarie Orth, Viol\u00edn I -Montserrat Prieto, Viol\u00edn II -Mariel Godoy, Viola -Carla Ser\u00f3n, Violoncello<\/p>\n","protected":false},"author":1,"featured_media":7170,"comment_status":"closed","ping_status":"open","sticky":false,"template":"","format":"video","meta":{"om_disable_all_campaigns":false,"_monsterinsights_skip_tracking":false,"_monsterinsights_sitenote_active":false,"_monsterinsights_sitenote_note":"","_monsterinsights_sitenote_category":0,"footnotes":""},"categories":[1790,112,1082],"tags":[1257,1932,70,1083],"class_list":["post-7169","post","type-post","status-publish","format-video","has-post-thumbnail","hentry","category-conciertos-desde-casa","category-programa","category-utalca-presenta","tag-cuerdas","tag-mujeres-en-la-musica","tag-utalca","tag-utalca-presenta","post_format-post-format-video","slider-tags-slider","slider-tags-utalca-presenta"],"aioseo_notices":[],"_links":{"self":[{"href":"https:\/\/tv.utalca.cl\/index.php?rest_route=\/wp\/v2\/posts\/7169","targetHints":{"allow":["GET"]}}],"collection":[{"href":"https:\/\/tv.utalca.cl\/index.php?rest_route=\/wp\/v2\/posts"}],"about":[{"href":"https:\/\/tv.utalca.cl\/index.php?rest_route=\/wp\/v2\/types\/post"}],"author":[{"embeddable":true,"href":"https:\/\/tv.utalca.cl\/index.php?rest_route=\/wp\/v2\/users\/1"}],"replies":[{"embeddable":true,"href":"https:\/\/tv.utalca.cl\/index.php?rest_route=%2Fwp%2Fv2%2Fcomments&post=7169"}],"version-history":[{"count":4,"href":"https:\/\/tv.utalca.cl\/index.php?rest_route=\/wp\/v2\/posts\/7169\/revisions"}],"predecessor-version":[{"id":7181,"href":"https:\/\/tv.utalca.cl\/index.php?rest_route=\/wp\/v2\/posts\/7169\/revisions\/7181"}],"wp:featuredmedia":[{"embeddable":true,"href":"https:\/\/tv.utalca.cl\/index.php?rest_route=\/wp\/v2\/media\/7170"}],"wp:attachment":[{"href":"https:\/\/tv.utalca.cl\/index.php?rest_route=%2Fwp%2Fv2%2Fmedia&parent=7169"}],"wp:term":[{"taxonomy":"category","embeddable":true,"href":"https:\/\/tv.utalca.cl\/index.php?rest_route=%2Fwp%2Fv2%2Fcategories&post=7169"},{"taxonomy":"post_tag","embeddable":true,"href":"https:\/\/tv.utalca.cl\/index.php?rest_route=%2Fwp%2Fv2%2Ftags&post=7169"}],"curies":[{"name":"wp","href":"https:\/\/api.w.org\/{rel}","templated":true}]}}