{"id":7215,"date":"2020-08-21T13:54:49","date_gmt":"2020-08-21T17:54:49","guid":{"rendered":"https:\/\/tv.utalca.cl\/?p=7215"},"modified":"2025-04-11T13:05:33","modified_gmt":"2025-04-11T17:05:33","slug":"hablemos-de-salud-publica-que-relacion-existe-entre-contaminacion-atmosferica-y-el-covid-19","status":"publish","type":"post","link":"https:\/\/tv.utalca.cl\/?p=7215","title":{"rendered":"Hablemos de Salud P\u00fablica: \u00bfQu\u00e9 relaci\u00f3n existe entre contaminaci\u00f3n atmosf\u00e9rica y el Covid-19?"},"content":{"rendered":"<p>En este cap\u00edtulo Loreto N\u00fa\u00f1ez, acad\u00e9mica del Departamento de Salud P\u00fablica de la UTalca, analiza la tasa de incidencia de Covid-19 en la Regi\u00f3n del Maule y Mar\u00eda Elisa Quinteros, explica los efectos que tiene para la salud la contaminaci\u00f3n del aire.<\/p>\n","protected":false},"excerpt":{"rendered":"<p>En este cap\u00edtulo Loreto N\u00fa\u00f1ez, acad\u00e9mica del Departamento de Salud P\u00fablica de la UTalca, analiza la tasa de incidencia de Covid-19 en la Regi\u00f3n del Maule y Mar\u00eda Elisa Quinteros, explica los efectos que tiene para la salud la contaminaci\u00f3n del aire.<\/p>\n","protected":false},"author":1,"featured_media":7216,"comment_status":"closed","ping_status":"open","sticky":false,"template":"","format":"video","meta":{"om_disable_all_campaigns":false,"_monsterinsights_skip_tracking":false,"_monsterinsights_sitenote_active":false,"_monsterinsights_sitenote_note":"","_monsterinsights_sitenote_category":0,"footnotes":""},"categories":[1527,112],"tags":[1989,1680,322,1977],"class_list":["post-7215","post","type-post","status-publish","format-video","has-post-thumbnail","hentry","category-hablemos-de-salud","category-programa","tag-contaminacion-ambiental","tag-covid-19","tag-departamento-de-salud-publica-utalca","tag-hablemos-de-salud-publica","post_format-post-format-video","slider-tags-hablemos-de-salud","slider-tags-slider"],"aioseo_notices":[],"_links":{"self":[{"href":"https:\/\/tv.utalca.cl\/index.php?rest_route=\/wp\/v2\/posts\/7215","targetHints":{"allow":["GET"]}}],"collection":[{"href":"https:\/\/tv.utalca.cl\/index.php?rest_route=\/wp\/v2\/posts"}],"about":[{"href":"https:\/\/tv.utalca.cl\/index.php?rest_route=\/wp\/v2\/types\/post"}],"author":[{"embeddable":true,"href":"https:\/\/tv.utalca.cl\/index.php?rest_route=\/wp\/v2\/users\/1"}],"replies":[{"embeddable":true,"href":"https:\/\/tv.utalca.cl\/index.php?rest_route=%2Fwp%2Fv2%2Fcomments&post=7215"}],"version-history":[{"count":1,"href":"https:\/\/tv.utalca.cl\/index.php?rest_route=\/wp\/v2\/posts\/7215\/revisions"}],"predecessor-version":[{"id":7218,"href":"https:\/\/tv.utalca.cl\/index.php?rest_route=\/wp\/v2\/posts\/7215\/revisions\/7218"}],"wp:featuredmedia":[{"embeddable":true,"href":"https:\/\/tv.utalca.cl\/index.php?rest_route=\/wp\/v2\/media\/7216"}],"wp:attachment":[{"href":"https:\/\/tv.utalca.cl\/index.php?rest_route=%2Fwp%2Fv2%2Fmedia&parent=7215"}],"wp:term":[{"taxonomy":"category","embeddable":true,"href":"https:\/\/tv.utalca.cl\/index.php?rest_route=%2Fwp%2Fv2%2Fcategories&post=7215"},{"taxonomy":"post_tag","embeddable":true,"href":"https:\/\/tv.utalca.cl\/index.php?rest_route=%2Fwp%2Fv2%2Ftags&post=7215"}],"curies":[{"name":"wp","href":"https:\/\/api.w.org\/{rel}","templated":true}]}}