{"id":7258,"date":"2020-08-27T10:46:57","date_gmt":"2020-08-27T14:46:57","guid":{"rendered":"https:\/\/tv.utalca.cl\/?p=7258"},"modified":"2025-10-02T10:17:50","modified_gmt":"2025-10-02T13:17:50","slug":"entrevistas-campustv-protocolos-ante-emergencias-en-pandemia-y-reaperturas-de-parques-nacionales","status":"publish","type":"post","link":"https:\/\/tv.utalca.cl\/?p=7258","title":{"rendered":"Entrevistas CAMPUSTV: Protocolos ante emergencias en pandemia y reaperturas de parques nacionales"},"content":{"rendered":"<p>Carlos Bernales, director regional de la Onemi se refiere a las medidas que se han adoptado en medio del Coronavirus. Marcelo Mena, director regional de Conaf detalla c\u00f3mo ser\u00e1 la reapertura al p\u00fablico de las \u00e1reas silvestres protegidas por el Estado\u200b<\/p>\n","protected":false},"excerpt":{"rendered":"<p>Carlos Bernales, director regional de la Onemi se refiere a las medidas que se han adoptado en medio del Coronavirus. Marcelo Mena, director regional de Conaf detalla c\u00f3mo ser\u00e1 la reapertura al p\u00fablico de las \u00e1reas silvestres protegidas por el Estado\u200b<\/p>\n","protected":false},"author":1,"featured_media":7259,"comment_status":"closed","ping_status":"open","sticky":false,"template":"","format":"video","meta":{"om_disable_all_campaigns":false,"_monsterinsights_skip_tracking":false,"_monsterinsights_sitenote_active":false,"_monsterinsights_sitenote_note":"","_monsterinsights_sitenote_category":0,"footnotes":""},"categories":[1971,112,2334,1152],"tags":[620,267,1680,2207,84,1312,2002,70],"class_list":["post-7258","post","type-post","status-publish","format-video","has-post-thumbnail","hentry","category-entrevistas-campustv","category-programa","category-videos-corporativos","category-videos-utalca","tag-campustv","tag-conaf","tag-covid-19","tag-entrevistas-utalcatv","tag-onemi","tag-pandemia","tag-parques-nacionales","tag-utalca","post_format-post-format-video","slider-tags-entrevistas-campustv","slider-tags-slider"],"aioseo_notices":[],"_links":{"self":[{"href":"https:\/\/tv.utalca.cl\/index.php?rest_route=\/wp\/v2\/posts\/7258","targetHints":{"allow":["GET"]}}],"collection":[{"href":"https:\/\/tv.utalca.cl\/index.php?rest_route=\/wp\/v2\/posts"}],"about":[{"href":"https:\/\/tv.utalca.cl\/index.php?rest_route=\/wp\/v2\/types\/post"}],"author":[{"embeddable":true,"href":"https:\/\/tv.utalca.cl\/index.php?rest_route=\/wp\/v2\/users\/1"}],"replies":[{"embeddable":true,"href":"https:\/\/tv.utalca.cl\/index.php?rest_route=%2Fwp%2Fv2%2Fcomments&post=7258"}],"version-history":[{"count":1,"href":"https:\/\/tv.utalca.cl\/index.php?rest_route=\/wp\/v2\/posts\/7258\/revisions"}],"predecessor-version":[{"id":7260,"href":"https:\/\/tv.utalca.cl\/index.php?rest_route=\/wp\/v2\/posts\/7258\/revisions\/7260"}],"wp:featuredmedia":[{"embeddable":true,"href":"https:\/\/tv.utalca.cl\/index.php?rest_route=\/wp\/v2\/media\/7259"}],"wp:attachment":[{"href":"https:\/\/tv.utalca.cl\/index.php?rest_route=%2Fwp%2Fv2%2Fmedia&parent=7258"}],"wp:term":[{"taxonomy":"category","embeddable":true,"href":"https:\/\/tv.utalca.cl\/index.php?rest_route=%2Fwp%2Fv2%2Fcategories&post=7258"},{"taxonomy":"post_tag","embeddable":true,"href":"https:\/\/tv.utalca.cl\/index.php?rest_route=%2Fwp%2Fv2%2Ftags&post=7258"}],"curies":[{"name":"wp","href":"https:\/\/api.w.org\/{rel}","templated":true}]}}