{"id":7412,"date":"2020-09-01T18:00:43","date_gmt":"2020-09-01T22:00:43","guid":{"rendered":"https:\/\/tv.utalca.cl\/?p=7412"},"modified":"2025-04-11T13:05:32","modified_gmt":"2025-04-11T17:05:32","slug":"asi-se-ve-hoy-plaza-carlos-aburmen-linares","status":"publish","type":"post","link":"https:\/\/tv.utalca.cl\/?p=7412","title":{"rendered":"As\u00ed se ve Hoy &#8211; Plaza Carlos Aburman, Linares"},"content":{"rendered":"<p> Im\u00e1genes por Mat\u00edas Sanchez.<\/p>\n","protected":false},"excerpt":{"rendered":"<p>Im\u00e1genes por Mat\u00edas Sanchez.<\/p>\n","protected":false},"author":1,"featured_media":7413,"comment_status":"closed","ping_status":"open","sticky":false,"template":"","format":"video","meta":{"om_disable_all_campaigns":false,"_monsterinsights_skip_tracking":false,"_monsterinsights_sitenote_active":false,"_monsterinsights_sitenote_note":"","_monsterinsights_sitenote_category":0,"footnotes":""},"categories":[1832,387,2210],"tags":[1833,1324,425,241],"class_list":["post-7412","post","type-post","status-publish","format-video","has-post-thumbnail","hentry","category-asi-se-ve-hoy","category-capsulas","category-capsulas-home","tag-asi-se-ve-hoy","tag-cuarentena","tag-linares","tag-maule","post_format-post-format-video","slider-tags-capsulas","slider-tags-slider"],"aioseo_notices":[],"_links":{"self":[{"href":"https:\/\/tv.utalca.cl\/index.php?rest_route=\/wp\/v2\/posts\/7412","targetHints":{"allow":["GET"]}}],"collection":[{"href":"https:\/\/tv.utalca.cl\/index.php?rest_route=\/wp\/v2\/posts"}],"about":[{"href":"https:\/\/tv.utalca.cl\/index.php?rest_route=\/wp\/v2\/types\/post"}],"author":[{"embeddable":true,"href":"https:\/\/tv.utalca.cl\/index.php?rest_route=\/wp\/v2\/users\/1"}],"replies":[{"embeddable":true,"href":"https:\/\/tv.utalca.cl\/index.php?rest_route=%2Fwp%2Fv2%2Fcomments&post=7412"}],"version-history":[{"count":2,"href":"https:\/\/tv.utalca.cl\/index.php?rest_route=\/wp\/v2\/posts\/7412\/revisions"}],"predecessor-version":[{"id":7478,"href":"https:\/\/tv.utalca.cl\/index.php?rest_route=\/wp\/v2\/posts\/7412\/revisions\/7478"}],"wp:featuredmedia":[{"embeddable":true,"href":"https:\/\/tv.utalca.cl\/index.php?rest_route=\/wp\/v2\/media\/7413"}],"wp:attachment":[{"href":"https:\/\/tv.utalca.cl\/index.php?rest_route=%2Fwp%2Fv2%2Fmedia&parent=7412"}],"wp:term":[{"taxonomy":"category","embeddable":true,"href":"https:\/\/tv.utalca.cl\/index.php?rest_route=%2Fwp%2Fv2%2Fcategories&post=7412"},{"taxonomy":"post_tag","embeddable":true,"href":"https:\/\/tv.utalca.cl\/index.php?rest_route=%2Fwp%2Fv2%2Ftags&post=7412"}],"curies":[{"name":"wp","href":"https:\/\/api.w.org\/{rel}","templated":true}]}}