{"id":7574,"date":"2020-09-25T09:34:20","date_gmt":"2020-09-25T12:34:20","guid":{"rendered":"https:\/\/tv.utalca.cl\/?p=7574"},"modified":"2025-10-02T10:17:50","modified_gmt":"2025-10-02T13:17:50","slug":"entrevistas-campustv-talca-urbano-en-fase-2-y-balance-de-la-pandemia-en-fiestas-patrias","status":"publish","type":"post","link":"https:\/\/tv.utalca.cl\/?p=7574","title":{"rendered":"Entrevistas CAMPUSTV: Talca urbano en fase 2  y balance de la pandemia en Fiestas Patrias"},"content":{"rendered":"<p>Daniel Jim\u00e9nez, Director de Salud del Estudiante UTalca y epidemi\u00f3logo, explica la fase en la que entr\u00f3 Talca desde el 18 de Septiembre y Ricardo Rodr\u00edguez, jefe de acci\u00f3n sanitaria de la seremi de salud del Maule se refiere al comportamiento de la gente durante las celebraciones y las medidas sanitarias adoptadas.<\/p>\n","protected":false},"excerpt":{"rendered":"<p>Daniel Jim\u00e9nez, Director de Salud del Estudiante UTalca y epidemi\u00f3logo, explica la fase en la que entr\u00f3 Talca desde el 18 de Septiembre y Ricardo Rodr\u00edguez, jefe de acci\u00f3n sanitaria de la seremi de salud del Maule se refiere al comportamiento de la gente durante las celebraciones y las medidas sanitarias adoptadas.<\/p>\n","protected":false},"author":1,"featured_media":7575,"comment_status":"closed","ping_status":"open","sticky":false,"template":"","format":"video","meta":{"om_disable_all_campaigns":false,"_monsterinsights_skip_tracking":false,"_monsterinsights_sitenote_active":false,"_monsterinsights_sitenote_note":"","_monsterinsights_sitenote_category":0,"footnotes":""},"categories":[1971,112,2334,1152],"tags":[2207,2018,2017,239],"class_list":["post-7574","post","type-post","status-publish","format-video","has-post-thumbnail","hentry","category-entrevistas-campustv","category-programa","category-videos-corporativos","category-videos-utalca","tag-entrevistas-utalcatv","tag-fase-2","tag-paso-2","tag-talca","post_format-post-format-video","slider-tags-entrevistas-campustv","slider-tags-slider"],"aioseo_notices":[],"_links":{"self":[{"href":"https:\/\/tv.utalca.cl\/index.php?rest_route=\/wp\/v2\/posts\/7574","targetHints":{"allow":["GET"]}}],"collection":[{"href":"https:\/\/tv.utalca.cl\/index.php?rest_route=\/wp\/v2\/posts"}],"about":[{"href":"https:\/\/tv.utalca.cl\/index.php?rest_route=\/wp\/v2\/types\/post"}],"author":[{"embeddable":true,"href":"https:\/\/tv.utalca.cl\/index.php?rest_route=\/wp\/v2\/users\/1"}],"replies":[{"embeddable":true,"href":"https:\/\/tv.utalca.cl\/index.php?rest_route=%2Fwp%2Fv2%2Fcomments&post=7574"}],"version-history":[{"count":1,"href":"https:\/\/tv.utalca.cl\/index.php?rest_route=\/wp\/v2\/posts\/7574\/revisions"}],"predecessor-version":[{"id":7577,"href":"https:\/\/tv.utalca.cl\/index.php?rest_route=\/wp\/v2\/posts\/7574\/revisions\/7577"}],"wp:featuredmedia":[{"embeddable":true,"href":"https:\/\/tv.utalca.cl\/index.php?rest_route=\/wp\/v2\/media\/7575"}],"wp:attachment":[{"href":"https:\/\/tv.utalca.cl\/index.php?rest_route=%2Fwp%2Fv2%2Fmedia&parent=7574"}],"wp:term":[{"taxonomy":"category","embeddable":true,"href":"https:\/\/tv.utalca.cl\/index.php?rest_route=%2Fwp%2Fv2%2Fcategories&post=7574"},{"taxonomy":"post_tag","embeddable":true,"href":"https:\/\/tv.utalca.cl\/index.php?rest_route=%2Fwp%2Fv2%2Ftags&post=7574"}],"curies":[{"name":"wp","href":"https:\/\/api.w.org\/{rel}","templated":true}]}}