{"id":7578,"date":"2020-09-25T11:05:47","date_gmt":"2020-09-25T14:05:47","guid":{"rendered":"https:\/\/tv.utalca.cl\/?p=7578"},"modified":"2025-04-11T13:05:30","modified_gmt":"2025-04-11T17:05:30","slug":"hablemos-de-salud-publica-la-contribucion-de-la-epidemiologia-a-la-salud-publica","status":"publish","type":"post","link":"https:\/\/tv.utalca.cl\/?p=7578","title":{"rendered":"Hablemos de Salud P\u00fablica: La contribuci\u00f3n de la epidemiolog\u00eda a la salud p\u00fablica"},"content":{"rendered":"<p>Gloria Icaza, acad\u00e9mica Instituto de Matem\u00e1ticas y F\u00edsica UTalca analiza la tasa de incidencia de Covid-19 en la regi\u00f3n y Mar\u00eda Elisa Quinteros, acad\u00e9mica del Departamento de Salud P\u00fablica de la casa de estudios, aborda la importancia de esta disciplina.<\/p>\n","protected":false},"excerpt":{"rendered":"<p>Gloria Icaza, acad\u00e9mica Instituto de Matem\u00e1ticas y F\u00edsica UTalca analiza la tasa de incidencia de Covid-19 en la regi\u00f3n y Mar\u00eda Elisa Quinteros, acad\u00e9mica del Departamento de Salud P\u00fablica de la casa de estudios, aborda la importancia de esta disciplina.<\/p>\n","protected":false},"author":1,"featured_media":7579,"comment_status":"closed","ping_status":"open","sticky":false,"template":"","format":"video","meta":{"om_disable_all_campaigns":false,"_monsterinsights_skip_tracking":false,"_monsterinsights_sitenote_active":false,"_monsterinsights_sitenote_note":"","_monsterinsights_sitenote_category":0,"footnotes":""},"categories":[1527,112],"tags":[1560,1977,70],"class_list":["post-7578","post","type-post","status-publish","format-video","has-post-thumbnail","hentry","category-hablemos-de-salud","category-programa","tag-epidemiologia","tag-hablemos-de-salud-publica","tag-utalca","post_format-post-format-video","slider-tags-hablemos-de-salud","slider-tags-slider"],"aioseo_notices":[],"_links":{"self":[{"href":"https:\/\/tv.utalca.cl\/index.php?rest_route=\/wp\/v2\/posts\/7578","targetHints":{"allow":["GET"]}}],"collection":[{"href":"https:\/\/tv.utalca.cl\/index.php?rest_route=\/wp\/v2\/posts"}],"about":[{"href":"https:\/\/tv.utalca.cl\/index.php?rest_route=\/wp\/v2\/types\/post"}],"author":[{"embeddable":true,"href":"https:\/\/tv.utalca.cl\/index.php?rest_route=\/wp\/v2\/users\/1"}],"replies":[{"embeddable":true,"href":"https:\/\/tv.utalca.cl\/index.php?rest_route=%2Fwp%2Fv2%2Fcomments&post=7578"}],"version-history":[{"count":1,"href":"https:\/\/tv.utalca.cl\/index.php?rest_route=\/wp\/v2\/posts\/7578\/revisions"}],"predecessor-version":[{"id":7580,"href":"https:\/\/tv.utalca.cl\/index.php?rest_route=\/wp\/v2\/posts\/7578\/revisions\/7580"}],"wp:featuredmedia":[{"embeddable":true,"href":"https:\/\/tv.utalca.cl\/index.php?rest_route=\/wp\/v2\/media\/7579"}],"wp:attachment":[{"href":"https:\/\/tv.utalca.cl\/index.php?rest_route=%2Fwp%2Fv2%2Fmedia&parent=7578"}],"wp:term":[{"taxonomy":"category","embeddable":true,"href":"https:\/\/tv.utalca.cl\/index.php?rest_route=%2Fwp%2Fv2%2Fcategories&post=7578"},{"taxonomy":"post_tag","embeddable":true,"href":"https:\/\/tv.utalca.cl\/index.php?rest_route=%2Fwp%2Fv2%2Ftags&post=7578"}],"curies":[{"name":"wp","href":"https:\/\/api.w.org\/{rel}","templated":true}]}}