{"id":7605,"date":"2020-10-02T14:17:54","date_gmt":"2020-10-02T17:17:54","guid":{"rendered":"https:\/\/tv.utalca.cl\/?p=7605"},"modified":"2025-04-11T13:05:30","modified_gmt":"2025-04-11T17:05:30","slug":"hablemos-de-salud-publica-el-impacto-de-la-pandemia-en-los-adultos-mayores","status":"publish","type":"post","link":"https:\/\/tv.utalca.cl\/?p=7605","title":{"rendered":"Hablemos de Salud P\u00fablica: El impacto de la pandemia en los adultos mayores"},"content":{"rendered":"<p>La acad\u00e9mica y epidemi\u00f3loga, Loreto N\u00fa\u00f1ez, analiza las provincias con mayor riesgo de Covid-19 en el Maule y Viviana Estrada y Giselle Davis del Departamento de Salud P\u00fablica de la UTalca, abordan los efectos de la crisis sanitaria en este grupo etario y la imagen que se ha ido construyendo de la vejez.<\/p>\n","protected":false},"excerpt":{"rendered":"<p>La acad\u00e9mica y epidemi\u00f3loga, Loreto N\u00fa\u00f1ez, analiza las provincias con mayor riesgo de Covid-19 en el Maule y Viviana Estrada y Giselle Davis del Departamento de Salud P\u00fablica de la UTalca, abordan los efectos de la crisis sanitaria en este grupo etario y la imagen que se ha ido construyendo de la vejez.<\/p>\n","protected":false},"author":1,"featured_media":7606,"comment_status":"closed","ping_status":"open","sticky":false,"template":"","format":"video","meta":{"om_disable_all_campaigns":false,"_monsterinsights_skip_tracking":false,"_monsterinsights_sitenote_active":false,"_monsterinsights_sitenote_note":"","_monsterinsights_sitenote_category":0,"footnotes":""},"categories":[1527,112],"tags":[1977,70],"class_list":["post-7605","post","type-post","status-publish","format-video","has-post-thumbnail","hentry","category-hablemos-de-salud","category-programa","tag-hablemos-de-salud-publica","tag-utalca","post_format-post-format-video","slider-tags-hablemos-de-salud","slider-tags-slider"],"aioseo_notices":[],"_links":{"self":[{"href":"https:\/\/tv.utalca.cl\/index.php?rest_route=\/wp\/v2\/posts\/7605","targetHints":{"allow":["GET"]}}],"collection":[{"href":"https:\/\/tv.utalca.cl\/index.php?rest_route=\/wp\/v2\/posts"}],"about":[{"href":"https:\/\/tv.utalca.cl\/index.php?rest_route=\/wp\/v2\/types\/post"}],"author":[{"embeddable":true,"href":"https:\/\/tv.utalca.cl\/index.php?rest_route=\/wp\/v2\/users\/1"}],"replies":[{"embeddable":true,"href":"https:\/\/tv.utalca.cl\/index.php?rest_route=%2Fwp%2Fv2%2Fcomments&post=7605"}],"version-history":[{"count":1,"href":"https:\/\/tv.utalca.cl\/index.php?rest_route=\/wp\/v2\/posts\/7605\/revisions"}],"predecessor-version":[{"id":7607,"href":"https:\/\/tv.utalca.cl\/index.php?rest_route=\/wp\/v2\/posts\/7605\/revisions\/7607"}],"wp:featuredmedia":[{"embeddable":true,"href":"https:\/\/tv.utalca.cl\/index.php?rest_route=\/wp\/v2\/media\/7606"}],"wp:attachment":[{"href":"https:\/\/tv.utalca.cl\/index.php?rest_route=%2Fwp%2Fv2%2Fmedia&parent=7605"}],"wp:term":[{"taxonomy":"category","embeddable":true,"href":"https:\/\/tv.utalca.cl\/index.php?rest_route=%2Fwp%2Fv2%2Fcategories&post=7605"},{"taxonomy":"post_tag","embeddable":true,"href":"https:\/\/tv.utalca.cl\/index.php?rest_route=%2Fwp%2Fv2%2Ftags&post=7605"}],"curies":[{"name":"wp","href":"https:\/\/api.w.org\/{rel}","templated":true}]}}